{"id":20063,"date":"2026-09-02T15:21:03","date_gmt":"2026-09-02T15:21:03","guid":{"rendered":"https:\/\/www.alliedmobility.com\/de\/?p=20063"},"modified":"2026-09-02T15:21:03","modified_gmt":"2026-09-02T15:21:03","slug":"barrierefreie-mobilitat-in-deutschland","status":"publish","type":"post","link":"https:\/\/www.alliedmobility.com\/de\/barrierefreie-mobilitat-in-deutschland\/","title":{"rendered":"Barrierefreie Mobilit\u00e4t in Deutschland: Warum der Weg zum Ziel genauso wichtig ist wie das Ziel"},"content":{"rendered":"<p>Barrierefreiheit wird oft mit einzelnen Orten verbunden. Ein Hotel ist barrierefrei. Ein Museum hat einen Aufzug. Ein Bahnhof verf\u00fcgt \u00fcber Rampen. Doch f\u00fcr Menschen mit Mobilit\u00e4tseinschr\u00e4nkung entscheidet nicht nur ein einzelner Ort dar\u00fcber, ob ein Tag gelingt. Entscheidend ist die gesamte Strecke.<\/p>\n<p>Barrierefreie Mobilit\u00e4t in Deutschland bedeutet deshalb mehr als der Zugang zu Geb\u00e4uden. Es geht um den Weg von der Haust\u00fcr zum Fahrzeug, vom Parkplatz zum Eingang, von der Haltestelle zum Ziel und wieder zur\u00fcck. Schon eine kleine H\u00fcrde kann ausreichen, damit eine eigentlich gut geplante Fahrt schwierig wird.<\/p>\n<p>F\u00fcr Rollstuhlnutzerinnen und Rollstuhlnutzer, Menschen mit Rollator, \u00e4ltere Personen oder Familien mit Kinderwagen ist Mobilit\u00e4t ein zentraler Teil von Selbstbestimmung. Wer sich frei bewegen kann, kann Termine wahrnehmen, Menschen besuchen, Ausfl\u00fcge planen und den Alltag aktiver gestalten. Wenn Wege jedoch unklar, unzuverl\u00e4ssig oder schwer zug\u00e4nglich sind, entsteht Abh\u00e4ngigkeit.<\/p>\n<h2>Warum barrierefreie Mobilit\u00e4t nicht am Eingang beginnt<\/h2>\n<p>Viele Menschen denken bei Barrierefreiheit zuerst an Rampen, Aufz\u00fcge und breite T\u00fcren. Diese Punkte sind wichtig. Aber sie reichen nicht aus, wenn die Wege dorthin nicht funktionieren.<\/p>\n<p>Ein barrierefreies Geb\u00e4ude hilft wenig, wenn der Weg vom Parkplatz zum Eingang \u00fcber Kopfsteinpflaster f\u00fchrt. Eine Haltestelle mit niedrigem Bordstein ist nur dann hilfreich, wenn der Einstieg in das Fahrzeug wirklich gut gelingt. Ein Aufzug bringt nur dann Sicherheit, wenn er funktioniert und nicht der einzige Zugang ist.<\/p>\n<p>Genau deshalb muss barrierefreie Mobilit\u00e4t immer als Kette betrachtet werden. Wenn ein Glied dieser Kette nicht passt, wird die gesamte Strecke unsicher oder unm\u00f6glich. Besonders herausfordernd ist das, wenn Menschen auf spontane Unterst\u00fctzung angewiesen sind. Wer erst vor Ort merkt, dass ein Einstieg nicht klappt oder ein Weg zu schmal ist, hat oft keine einfache Alternative.<\/p>\n<h2>Die gr\u00f6\u00dften H\u00fcrden im Alltag<\/h2>\n<p>Barrieren sind nicht immer offensichtlich. Manchmal geht es nicht um gro\u00dfe Treppen oder komplett fehlende Zug\u00e4nge, sondern um Details, die im Alltag stark sp\u00fcrbar sind.<\/p>\n<p>Typische Hindernisse sind zum Beispiel:<\/p>\n<ul>\n<li>zu gro\u00dfe Abst\u00e4nde zwischen Fahrzeug und Bordstein<\/li>\n<li>defekte oder fehlende Aufz\u00fcge<\/li>\n<li>enge Wege an Haltestellen oder Parkpl\u00e4tzen<\/li>\n<li>fehlende Sitzm\u00f6glichkeiten f\u00fcr Menschen mit Gehbehinderung<\/li>\n<li>unklare Beschilderung<\/li>\n<li>unebene Wege oder Kopfsteinpflaster<\/li>\n<li>fehlende barrierefreie Toiletten in der N\u00e4he<\/li>\n<li>zu wenig Platz beim Einsteigen und Aussteigen<\/li>\n<\/ul>\n<p>Diese Punkte zeigen: Barrierefreiheit ist nicht nur eine bauliche Frage. Sie ist auch eine Frage der Planung, Wartung, Kommunikation und R\u00fccksichtnahme. Ein Weg kann theoretisch barrierefrei sein, aber praktisch trotzdem schwer nutzbar werden, wenn wichtige Informationen fehlen oder vor Ort nicht genug Platz vorhanden ist.<\/p>\n<h3>Verl\u00e4sslichkeit ist wichtiger als gute Absicht<\/h3>\n<p>Viele St\u00e4dte und Gemeinden arbeiten daran, ihre Infrastruktur barrierefreier zu machen. Das ist wichtig und richtig. Trotzdem erleben viele Menschen mit Mobilit\u00e4tseinschr\u00e4nkung weiterhin Situationen, in denen sie sich nicht auf die vorhandenen Angebote verlassen k\u00f6nnen.<\/p>\n<p>Das Problem liegt oft nicht darin, dass gar keine barrierefreien L\u00f6sungen vorhanden sind. H\u00e4ufig gibt es einzelne gute Ans\u00e4tze, aber sie greifen nicht zuverl\u00e4ssig ineinander. Ein Bahnhof kann barrierefreie Zug\u00e4nge haben, aber der Aufzug ist au\u00dfer Betrieb. Ein Bus kann eine Rampe besitzen, aber der Einstieg ist kompliziert. Eine Route kann in einer App als geeignet erscheinen, aber vor Ort fehlt die entscheidende Information.<\/p>\n<p>F\u00fcr Menschen ohne Mobilit\u00e4tseinschr\u00e4nkung ist eine solche Situation meist nur \u00e4rgerlich. F\u00fcr Menschen mit Rollstuhl oder Rollator kann sie bedeuten, dass ein Termin verpasst wird, ein Ausflug abgebrochen werden muss oder zus\u00e4tzliche Hilfe organisiert werden muss.<\/p>\n<p>Barrierefreie Mobilit\u00e4t in Deutschland sollte deshalb nicht nur daran gemessen werden, ob es grunds\u00e4tzlich L\u00f6sungen gibt. Entscheidend ist, ob Menschen diese L\u00f6sungen im Alltag selbstst\u00e4ndig, sicher und planbar nutzen k\u00f6nnen.<\/p>\n<h2>Warum das eigene Fahrzeug mehr Freiheit schaffen kann<\/h2>\n<p>\u00d6ffentliche Verkehrsmittel sind ein wichtiger Teil barrierefreier Mobilit\u00e4t. Gleichzeitig k\u00f6nnen sie nicht jede Lebenssituation abdecken. Gerade bei Ausfl\u00fcgen, Arztterminen, Familienbesuchen oder Reisen in l\u00e4ndliche Regionen ist ein eigenes oder passendes Fahrzeug oft ein gro\u00dfer Vorteil.<\/p>\n<p>Ein rollstuhlgerechtes Fahrzeug kann mehr Flexibilit\u00e4t schaffen, weil es Wege planbarer macht. Hilfsmittel k\u00f6nnen sicher mitgenommen werden. Pausen lassen sich individuell einlegen. Ziele au\u00dferhalb gro\u00dfer Verkehrsknotenpunkte werden leichter erreichbar. Auch Begleitpersonen k\u00f6nnen entspannter planen, weil weniger Abh\u00e4ngigkeit von Fahrpl\u00e4nen, Umstiegen oder kurzfristigen \u00c4nderungen besteht.<\/p>\n<p>Das bedeutet nicht, dass ein eigenes Fahrzeug alle Barrieren l\u00f6st. Aber es kann viele Unsicherheiten reduzieren. Besonders dann, wenn Mobilit\u00e4t regelm\u00e4\u00dfig gebraucht wird und nicht nur gelegentlich eine Rolle spielt.<\/p>\n<h3>Worauf es bei rollstuhlgerechten Fahrzeugen ankommt<\/h3>\n<p>Ein <a href=\"https:\/\/www.alliedmobility.com\/de\/rollstuhlgerechte-fahrzeuge-und-pkw\/\">rollstuhlgerechtes Fahrzeug<\/a> muss zum Alltag der Person passen. Deshalb geht es nicht nur um die Frage, ob ein Rollstuhl hineinpasst. Entscheidend ist, wie einfach der Zugang ist, wie sicher die Fahrt ist und ob das Fahrzeug zu den t\u00e4glichen Wegen passt.<\/p>\n<p>Wichtige Fragen bei der Auswahl sind:<\/p>\n<ul>\n<li>Wird die Person im Rollstuhl mitfahren oder auf einen Fahrzeugsitz wechseln?<\/li>\n<li>Wie viel Platz wird f\u00fcr Rollstuhl, Begleitpersonen und Gep\u00e4ck ben\u00f6tigt?<\/li>\n<li>Ist der Zugang \u00fcber eine Rampe oder eine andere L\u00f6sung passend?<\/li>\n<li>Gibt es ausreichend Kopffreiheit und Bewegungsfl\u00e4che?<\/li>\n<li>L\u00e4sst sich das Fahrzeug im Alltag gut parken?<\/li>\n<li>Sind Einsteigen und Aussteigen auch an engeren Orten m\u00f6glich?<\/li>\n<li>Passt das Fahrzeug zu h\u00e4ufigen Fahrten, Ausfl\u00fcgen oder l\u00e4ngeren Reisen?<\/li>\n<\/ul>\n<p>Diese Fragen zeigen, warum eine pers\u00f6nliche Beratung sinnvoll ist. Mobilit\u00e4t ist sehr individuell. Was f\u00fcr eine Familie ideal ist, kann f\u00fcr eine andere Person unpraktisch sein. Deshalb sollte ein Fahrzeug nicht nur technisch geeignet sein, sondern wirklich zum Leben der Nutzerin oder des Nutzers passen.<\/p>\n<h2>Unser Beitrag bei Allied Mobility<\/h2>\n<p>Bei <a href=\"https:\/\/www.alliedmobility.com\/de\/\">Allied Mobility<\/a> wissen wir, dass Mobilit\u00e4t f\u00fcr viele Menschen nicht einfach eine praktische Frage ist. Sie bedeutet Freiheit, Teilhabe und mehr Selbstbestimmung im Alltag. Deshalb entwickeln und bieten wir rollstuhlgerechte Fahrzeuge an, die Menschen mit Mobilit\u00e4tseinschr\u00e4nkung und ihre Familien zuverl\u00e4ssig unterst\u00fctzen.<\/p>\n<p>Unsere Fahrzeuge sind darauf ausgelegt, das Einsteigen, Mitfahren und Unterwegssein so einfach und sicher wie m\u00f6glich zu machen. Je nach Modell erm\u00f6glichen sie die Mitfahrt im Rollstuhl, den Zugang \u00fcber eine Rampe oder weitere L\u00f6sungen f\u00fcr unterschiedliche Bed\u00fcrfnisse.<\/p>\n<p>Wir arbeiten mit Mobilit\u00e4tspartnern in Deutschland zusammen, damit Kundinnen und Kunden pers\u00f6nliche Beratung und passende Vorf\u00fchrungen erhalten k\u00f6nnen. Denn bei der Auswahl eines rollstuhlgerechten Fahrzeugs geht es nicht um eine Standardl\u00f6sung. Es geht darum, herauszufinden, welche L\u00f6sung zum Alltag, zur Familie und zu den geplanten Wegen passt.<\/p>\n<p>Unser Ziel ist es, Mobilit\u00e4t nicht zur Grenze werden zu lassen. Ein passendes Fahrzeug kann dabei helfen, Wege unabh\u00e4ngiger zu planen und mehr Orte erreichbar zu machen.<\/p>\n<h2>Praktische Tipps f\u00fcr mehr Planungssicherheit<\/h2>\n<p>Wer regelm\u00e4\u00dfig mit Mobilit\u00e4tseinschr\u00e4nkung unterwegs ist, kann viele Situationen durch gute Vorbereitung erleichtern. Besonders hilfreich ist es, nicht nur das Ziel zu pr\u00fcfen, sondern auch den gesamten Weg.<\/p>\n<p>Vor einer Fahrt lohnt sich ein kurzer Blick auf diese Punkte:<\/p>\n<ul>\n<li>Gibt es barrierefreie Parkpl\u00e4tze in der N\u00e4he des Ziels?<\/li>\n<li>Ist der Weg vom Parkplatz oder Ausstieg zum Eingang gut befahrbar?<\/li>\n<li>Sind T\u00fcren, Wege und Toiletten ausreichend zug\u00e4nglich?<\/li>\n<li>Gibt es eine Alternative, falls ein Aufzug oder Zugang nicht nutzbar ist?<\/li>\n<li>Sind Telefonnummern oder Kontaktpersonen vor Ort bekannt?<\/li>\n<li>Gibt es genug Zeit f\u00fcr Einsteigen, Aussteigen und Pausen?<\/li>\n<\/ul>\n<p>Bei l\u00e4ngeren Strecken ist es au\u00dferdem sinnvoll, geeignete Zwischenstopps einzuplanen. Rastpl\u00e4tze, Toiletten, Ladepunkte f\u00fcr Hilfsmittel oder ruhige Pausenorte k\u00f6nnen entscheidend sein, damit eine Fahrt angenehm bleibt.<\/p>\n<p>Auch digitale Informationen k\u00f6nnen helfen, sollten aber nicht blind \u00fcbernommen werden. Wenn ein Ziel besonders wichtig ist, etwa ein Arzttermin, eine Veranstaltung oder ein Urlaubstag, lohnt sich eine direkte Nachfrage beim Anbieter oder Veranstaltungsort.<\/p>\n<h2>Fazit: Barrierefreie Mobilit\u00e4t braucht verl\u00e4ssliche L\u00f6sungen<\/h2>\n<p>Barrierefreie Mobilit\u00e4t in Deutschland ist ein wichtiger Schl\u00fcssel zu mehr Teilhabe. Sie entscheidet dar\u00fcber, ob Menschen ihren Alltag selbstbestimmt gestalten, Reisen planen und spontane Entscheidungen treffen k\u00f6nnen.<\/p>\n<p>Dabei reicht es nicht, einzelne Orte barrierefrei zu gestalten. Entscheidend ist die gesamte Verbindung zwischen Zuhause, Fahrzeug, Weg, Ziel und R\u00fcckfahrt. Genau dort entstehen im Alltag h\u00e4ufig die gr\u00f6\u00dften Herausforderungen.<\/p>\n<p>Ein passendes rollstuhlgerechtes Fahrzeug kann mehr Sicherheit, Flexibilit\u00e4t und Unabh\u00e4ngigkeit schaffen. Es ersetzt nicht den notwendigen Ausbau \u00f6ffentlicher Infrastruktur, aber es kann Menschen dabei unterst\u00fctzen, ihren Alltag und ihre Reisen freier zu gestalten.<\/p>\n<p>Am Ende geht es um mehr als Mobilit\u00e4t. Es geht darum, dass Menschen nicht an Wegen scheitern, sondern ihr Ziel erreichen k\u00f6nnen.<\/p>\n<p><a href=\"https:\/\/www.alliedmobility.com\/de\/online-anfragen\/\"><b>Kontaktieren Sie uns<\/b><\/a>, um mehr \u00fcber unser Angebot an rollstuhlgerechten Fahrzeugen zu erfahren.<\/p>\n","protected":false},"excerpt":{"rendered":"<p>Barrierefreiheit wird oft mit einzelnen Orten verbunden. Ein Hotel ist barrierefrei. Ein Museum hat einen Aufzug. Ein Bahnhof verf\u00fcgt&#8230;<\/p>\n","protected":false},"author":51,"featured_media":20068,"comment_status":"closed","ping_status":"closed","sticky":false,"template":"","format":"standard","meta":{"_acf_changed":false,"inline_featured_image":false,"footnotes":""},"categories":[1],"tags":[],"class_list":["post-20063","post","type-post","status-publish","format-standard","has-post-thumbnail","hentry","category-nachricht"],"acf":[],"yoast_head":"<!-- This site is optimized with the Yoast SEO plugin v28.3 - https:\/\/yoast.com\/product\/yoast-seo-wordpress\/ -->\n<title>Barrierefreie Mobilit\u00e4t in Deutschland<\/title>\n<meta name=\"description\" content=\"Barrierefreie Mobilit\u00e4t in Deutschland: Warum verl\u00e4ssliche Wege, gute Planung und passende Fahrzeuge f\u00fcr mehr Selbstbestimmung entscheidend sind.\" \/>\n<meta name=\"robots\" content=\"index, follow, max-snippet:-1, max-image-preview:large, max-video-preview:-1\" \/>\n<link rel=\"canonical\" href=\"https:\/\/www.alliedmobility.com\/de\/barrierefreie-mobilitat-in-deutschland\/\" \/>\n<meta property=\"og:locale\" content=\"de-DE\" \/>\n<meta property=\"og:type\" content=\"article\" \/>\n<meta property=\"og:title\" content=\"Barrierefreie Mobilit\u00e4t in Deutschland\" \/>\n<meta property=\"og:description\" content=\"Barrierefreie Mobilit\u00e4t in Deutschland: Warum verl\u00e4ssliche Wege, gute Planung und passende Fahrzeuge f\u00fcr mehr Selbstbestimmung entscheidend sind.\" \/>\n<meta property=\"og:url\" content=\"https:\/\/www.alliedmobility.com\/de\/barrierefreie-mobilitat-in-deutschland\/\" \/>\n<meta property=\"og:site_name\" content=\"Allied Mobility Deutschland\" \/>\n<meta property=\"article:published_time\" content=\"2026-09-02T15:21:03+00:00\" \/>\n<meta property=\"og:image\" content=\"https:\/\/www.alliedmobility.com\/de\/wp-content\/uploads\/2026\/09\/Barrierefreie-Mobilitat-in-Deutschland.jpg\" \/>\n\t<meta property=\"og:image:width\" content=\"350\" \/>\n\t<meta property=\"og:image:height\" content=\"300\" \/>\n\t<meta property=\"og:image:type\" content=\"image\/jpeg\" \/>\n<meta name=\"author\" content=\"Laura\" \/>\n<meta name=\"twitter:label1\" content=\"Written by\" \/>\n\t<meta name=\"twitter:data1\" content=\"Laura\" \/>\n\t<meta name=\"twitter:label2\" content=\"Estimated reading time\" \/>\n\t<meta name=\"twitter:data2\" content=\"7 minutes\" \/>\n<script type=\"application\/ld+json\" class=\"yoast-schema-graph\">{\"@context\":\"https:\\\/\\\/schema.org\",\"@graph\":[{\"@type\":\"Article\",\"@id\":\"https:\\\/\\\/www.alliedmobility.com\\\/de\\\/barrierefreie-mobilitat-in-deutschland\\\/#article\",\"isPartOf\":{\"@id\":\"https:\\\/\\\/www.alliedmobility.com\\\/de\\\/barrierefreie-mobilitat-in-deutschland\\\/\"},\"author\":{\"name\":\"Laura\",\"@id\":\"https:\\\/\\\/www.alliedmobility.com\\\/de\\\/#\\\/schema\\\/person\\\/62dea5b3a6b0cca71c0496682adbb984\"},\"headline\":\"Barrierefreie Mobilit\u00e4t in Deutschland: Warum der Weg zum Ziel genauso wichtig ist wie das Ziel\",\"datePublished\":\"2026-09-02T15:21:03+00:00\",\"mainEntityOfPage\":{\"@id\":\"https:\\\/\\\/www.alliedmobility.com\\\/de\\\/barrierefreie-mobilitat-in-deutschland\\\/\"},\"wordCount\":1454,\"image\":{\"@id\":\"https:\\\/\\\/www.alliedmobility.com\\\/de\\\/barrierefreie-mobilitat-in-deutschland\\\/#primaryimage\"},\"thumbnailUrl\":\"https:\\\/\\\/www.alliedmobility.com\\\/de\\\/wp-content\\\/uploads\\\/2026\\\/09\\\/Barrierefreie-Mobilitat-in-Deutschland.jpg\",\"articleSection\":[\"Nachricht\"],\"inLanguage\":\"de-DE\"},{\"@type\":\"WebPage\",\"@id\":\"https:\\\/\\\/www.alliedmobility.com\\\/de\\\/barrierefreie-mobilitat-in-deutschland\\\/\",\"url\":\"https:\\\/\\\/www.alliedmobility.com\\\/de\\\/barrierefreie-mobilitat-in-deutschland\\\/\",\"name\":\"Barrierefreie Mobilit\u00e4t in Deutschland\",\"isPartOf\":{\"@id\":\"https:\\\/\\\/www.alliedmobility.com\\\/de\\\/#website\"},\"primaryImageOfPage\":{\"@id\":\"https:\\\/\\\/www.alliedmobility.com\\\/de\\\/barrierefreie-mobilitat-in-deutschland\\\/#primaryimage\"},\"image\":{\"@id\":\"https:\\\/\\\/www.alliedmobility.com\\\/de\\\/barrierefreie-mobilitat-in-deutschland\\\/#primaryimage\"},\"thumbnailUrl\":\"https:\\\/\\\/www.alliedmobility.com\\\/de\\\/wp-content\\\/uploads\\\/2026\\\/09\\\/Barrierefreie-Mobilitat-in-Deutschland.jpg\",\"datePublished\":\"2026-09-02T15:21:03+00:00\",\"author\":{\"@id\":\"https:\\\/\\\/www.alliedmobility.com\\\/de\\\/#\\\/schema\\\/person\\\/62dea5b3a6b0cca71c0496682adbb984\"},\"description\":\"Barrierefreie Mobilit\u00e4t in Deutschland: Warum verl\u00e4ssliche Wege, gute Planung und passende Fahrzeuge f\u00fcr mehr Selbstbestimmung entscheidend sind.\",\"breadcrumb\":{\"@id\":\"https:\\\/\\\/www.alliedmobility.com\\\/de\\\/barrierefreie-mobilitat-in-deutschland\\\/#breadcrumb\"},\"inLanguage\":\"de-DE\",\"potentialAction\":[{\"@type\":\"ReadAction\",\"target\":[\"https:\\\/\\\/www.alliedmobility.com\\\/de\\\/barrierefreie-mobilitat-in-deutschland\\\/\"]}]},{\"@type\":\"ImageObject\",\"inLanguage\":\"de-DE\",\"@id\":\"https:\\\/\\\/www.alliedmobility.com\\\/de\\\/barrierefreie-mobilitat-in-deutschland\\\/#primaryimage\",\"url\":\"https:\\\/\\\/www.alliedmobility.com\\\/de\\\/wp-content\\\/uploads\\\/2026\\\/09\\\/Barrierefreie-Mobilitat-in-Deutschland.jpg\",\"contentUrl\":\"https:\\\/\\\/www.alliedmobility.com\\\/de\\\/wp-content\\\/uploads\\\/2026\\\/09\\\/Barrierefreie-Mobilitat-in-Deutschland.jpg\",\"width\":350,\"height\":300,\"caption\":\"An einem sonnigen Tag schiebt eine Frau eine andere Frau im Rollstuhl eine Kopfsteinpflasterstra\u00dfe entlang, die von bunten Geb\u00e4uden ges\u00e4umt ist, und verdeutlicht damit die barrierefreie Mobilit\u00e4t in Deutschland.\"},{\"@type\":\"BreadcrumbList\",\"@id\":\"https:\\\/\\\/www.alliedmobility.com\\\/de\\\/barrierefreie-mobilitat-in-deutschland\\\/#breadcrumb\",\"itemListElement\":[{\"@type\":\"ListItem\",\"position\":1,\"name\":\"Startseite\",\"item\":\"https:\\\/\\\/www.alliedmobility.com\\\/de\\\/\"},{\"@type\":\"ListItem\",\"position\":2,\"name\":\"Barrierefreie Mobilit\u00e4t in Deutschland: Warum der Weg zum Ziel genauso wichtig ist wie das Ziel\"}],\"inLanguage\":\"de-DE\"},{\"@type\":\"WebSite\",\"@id\":\"https:\\\/\\\/www.alliedmobility.com\\\/de\\\/#website\",\"url\":\"https:\\\/\\\/www.alliedmobility.com\\\/de\\\/\",\"name\":\"Allied Mobility Deutschland\",\"description\":\"Sie einem der weltweit f\u00fchrenden Hersteller von rollstuhlgerechten Fahrzeugen\",\"potentialAction\":[{\"@type\":\"SearchAction\",\"target\":{\"@type\":\"EntryPoint\",\"urlTemplate\":\"https:\\\/\\\/www.alliedmobility.com\\\/de\\\/?s={search_term_string}\"},\"query-input\":{\"@type\":\"PropertyValueSpecification\",\"valueRequired\":true,\"valueName\":\"search_term_string\"}}],\"inLanguage\":\"de-DE\"},{\"@type\":\"Person\",\"@id\":\"https:\\\/\\\/www.alliedmobility.com\\\/de\\\/#\\\/schema\\\/person\\\/62dea5b3a6b0cca71c0496682adbb984\",\"name\":\"Laura\",\"image\":{\"@type\":\"ImageObject\",\"inLanguage\":\"en-GB\",\"@id\":\"https:\\\/\\\/secure.gravatar.com\\\/avatar\\\/80ab39c7eeba6d38815227bf1c99f32707e3579d2175172d964983747cd59074?s=96&d=mm&r=g\",\"url\":\"https:\\\/\\\/secure.gravatar.com\\\/avatar\\\/80ab39c7eeba6d38815227bf1c99f32707e3579d2175172d964983747cd59074?s=96&d=mm&r=g\",\"contentUrl\":\"https:\\\/\\\/secure.gravatar.com\\\/avatar\\\/80ab39c7eeba6d38815227bf1c99f32707e3579d2175172d964983747cd59074?s=96&d=mm&r=g\",\"caption\":\"Laura\"},\"inLanguage\":\"de-DE\"}]}<\/script>\n<!-- \/ Yoast SEO plugin. -->","yoast_head_json":{"title":"Barrierefreie Mobilit\u00e4t in Deutschland","description":"Barrierefreie Mobilit\u00e4t in Deutschland: Warum verl\u00e4ssliche Wege, gute Planung und passende Fahrzeuge f\u00fcr mehr Selbstbestimmung entscheidend sind.","robots":{"index":"index","follow":"follow","max-snippet":"max-snippet:-1","max-image-preview":"max-image-preview:large","max-video-preview":"max-video-preview:-1"},"canonical":"https:\/\/www.alliedmobility.com\/de\/barrierefreie-mobilitat-in-deutschland\/","og_locale":"de-DE","og_type":"article","og_title":"Barrierefreie Mobilit\u00e4t in Deutschland","og_description":"Barrierefreie Mobilit\u00e4t in Deutschland: Warum verl\u00e4ssliche Wege, gute Planung und passende Fahrzeuge f\u00fcr mehr Selbstbestimmung entscheidend sind.","og_url":"https:\/\/www.alliedmobility.com\/de\/barrierefreie-mobilitat-in-deutschland\/","og_site_name":"Allied Mobility Deutschland","article_published_time":"2026-09-02T15:21:03+00:00","og_image":[{"width":350,"height":300,"url":"https:\/\/www.alliedmobility.com\/de\/wp-content\/uploads\/2026\/09\/Barrierefreie-Mobilitat-in-Deutschland.jpg","type":"image\/jpeg"}],"author":"Laura","twitter_misc":{"Written by":"Laura","Estimated reading time":"7 minutes"},"schema":{"@context":"https:\/\/schema.org","@graph":[{"@type":"Article","@id":"https:\/\/www.alliedmobility.com\/de\/barrierefreie-mobilitat-in-deutschland\/#article","isPartOf":{"@id":"https:\/\/www.alliedmobility.com\/de\/barrierefreie-mobilitat-in-deutschland\/"},"author":{"name":"Laura","@id":"https:\/\/www.alliedmobility.com\/de\/#\/schema\/person\/62dea5b3a6b0cca71c0496682adbb984"},"headline":"Barrierefreie Mobilit\u00e4t in Deutschland: Warum der Weg zum Ziel genauso wichtig ist wie das Ziel","datePublished":"2026-09-02T15:21:03+00:00","mainEntityOfPage":{"@id":"https:\/\/www.alliedmobility.com\/de\/barrierefreie-mobilitat-in-deutschland\/"},"wordCount":1454,"image":{"@id":"https:\/\/www.alliedmobility.com\/de\/barrierefreie-mobilitat-in-deutschland\/#primaryimage"},"thumbnailUrl":"https:\/\/www.alliedmobility.com\/de\/wp-content\/uploads\/2026\/09\/Barrierefreie-Mobilitat-in-Deutschland.jpg","articleSection":["Nachricht"],"inLanguage":"de-DE"},{"@type":"WebPage","@id":"https:\/\/www.alliedmobility.com\/de\/barrierefreie-mobilitat-in-deutschland\/","url":"https:\/\/www.alliedmobility.com\/de\/barrierefreie-mobilitat-in-deutschland\/","name":"Barrierefreie Mobilit\u00e4t in Deutschland","isPartOf":{"@id":"https:\/\/www.alliedmobility.com\/de\/#website"},"primaryImageOfPage":{"@id":"https:\/\/www.alliedmobility.com\/de\/barrierefreie-mobilitat-in-deutschland\/#primaryimage"},"image":{"@id":"https:\/\/www.alliedmobility.com\/de\/barrierefreie-mobilitat-in-deutschland\/#primaryimage"},"thumbnailUrl":"https:\/\/www.alliedmobility.com\/de\/wp-content\/uploads\/2026\/09\/Barrierefreie-Mobilitat-in-Deutschland.jpg","datePublished":"2026-09-02T15:21:03+00:00","author":{"@id":"https:\/\/www.alliedmobility.com\/de\/#\/schema\/person\/62dea5b3a6b0cca71c0496682adbb984"},"description":"Barrierefreie Mobilit\u00e4t in Deutschland: Warum verl\u00e4ssliche Wege, gute Planung und passende Fahrzeuge f\u00fcr mehr Selbstbestimmung entscheidend sind.","breadcrumb":{"@id":"https:\/\/www.alliedmobility.com\/de\/barrierefreie-mobilitat-in-deutschland\/#breadcrumb"},"inLanguage":"de-DE","potentialAction":[{"@type":"ReadAction","target":["https:\/\/www.alliedmobility.com\/de\/barrierefreie-mobilitat-in-deutschland\/"]}]},{"@type":"ImageObject","inLanguage":"de-DE","@id":"https:\/\/www.alliedmobility.com\/de\/barrierefreie-mobilitat-in-deutschland\/#primaryimage","url":"https:\/\/www.alliedmobility.com\/de\/wp-content\/uploads\/2026\/09\/Barrierefreie-Mobilitat-in-Deutschland.jpg","contentUrl":"https:\/\/www.alliedmobility.com\/de\/wp-content\/uploads\/2026\/09\/Barrierefreie-Mobilitat-in-Deutschland.jpg","width":350,"height":300,"caption":"An einem sonnigen Tag schiebt eine Frau eine andere Frau im Rollstuhl eine Kopfsteinpflasterstra\u00dfe entlang, die von bunten Geb\u00e4uden ges\u00e4umt ist, und verdeutlicht damit die barrierefreie Mobilit\u00e4t in Deutschland."},{"@type":"BreadcrumbList","@id":"https:\/\/www.alliedmobility.com\/de\/barrierefreie-mobilitat-in-deutschland\/#breadcrumb","itemListElement":[{"@type":"ListItem","position":1,"name":"Startseite","item":"https:\/\/www.alliedmobility.com\/de\/"},{"@type":"ListItem","position":2,"name":"Barrierefreie Mobilit\u00e4t in Deutschland: Warum der Weg zum Ziel genauso wichtig ist wie das Ziel"}],"inLanguage":"de-DE"},{"@type":"WebSite","@id":"https:\/\/www.alliedmobility.com\/de\/#website","url":"https:\/\/www.alliedmobility.com\/de\/","name":"Allied Mobility Deutschland","description":"Sie einem der weltweit f\u00fchrenden Hersteller von rollstuhlgerechten Fahrzeugen","potentialAction":[{"@type":"SearchAction","target":{"@type":"EntryPoint","urlTemplate":"https:\/\/www.alliedmobility.com\/de\/?s={search_term_string}"},"query-input":{"@type":"PropertyValueSpecification","valueRequired":true,"valueName":"search_term_string"}}],"inLanguage":"de-DE"},{"@type":"Person","@id":"https:\/\/www.alliedmobility.com\/de\/#\/schema\/person\/62dea5b3a6b0cca71c0496682adbb984","name":"Laura","image":{"@type":"ImageObject","inLanguage":"en-GB","@id":"https:\/\/secure.gravatar.com\/avatar\/80ab39c7eeba6d38815227bf1c99f32707e3579d2175172d964983747cd59074?s=96&d=mm&r=g","url":"https:\/\/secure.gravatar.com\/avatar\/80ab39c7eeba6d38815227bf1c99f32707e3579d2175172d964983747cd59074?s=96&d=mm&r=g","contentUrl":"https:\/\/secure.gravatar.com\/avatar\/80ab39c7eeba6d38815227bf1c99f32707e3579d2175172d964983747cd59074?s=96&d=mm&r=g","caption":"Laura"},"inLanguage":"de-DE"}]}},"_links":{"self":[{"href":"https:\/\/www.alliedmobility.com\/de\/wp-json\/wp\/v2\/posts\/20063","targetHints":{"allow":["GET"]}}],"collection":[{"href":"https:\/\/www.alliedmobility.com\/de\/wp-json\/wp\/v2\/posts"}],"about":[{"href":"https:\/\/www.alliedmobility.com\/de\/wp-json\/wp\/v2\/types\/post"}],"author":[{"embeddable":true,"href":"https:\/\/www.alliedmobility.com\/de\/wp-json\/wp\/v2\/users\/51"}],"replies":[{"embeddable":true,"href":"https:\/\/www.alliedmobility.com\/de\/wp-json\/wp\/v2\/comments?post=20063"}],"version-history":[{"count":3,"href":"https:\/\/www.alliedmobility.com\/de\/wp-json\/wp\/v2\/posts\/20063\/revisions"}],"predecessor-version":[{"id":20069,"href":"https:\/\/www.alliedmobility.com\/de\/wp-json\/wp\/v2\/posts\/20063\/revisions\/20069"}],"wp:featuredmedia":[{"embeddable":true,"href":"https:\/\/www.alliedmobility.com\/de\/wp-json\/wp\/v2\/media\/20068"}],"wp:attachment":[{"href":"https:\/\/www.alliedmobility.com\/de\/wp-json\/wp\/v2\/media?parent=20063"}],"wp:term":[{"taxonomy":"category","embeddable":true,"href":"https:\/\/www.alliedmobility.com\/de\/wp-json\/wp\/v2\/categories?post=20063"},{"taxonomy":"post_tag","embeddable":true,"href":"https:\/\/www.alliedmobility.com\/de\/wp-json\/wp\/v2\/tags?post=20063"}],"curies":[{"name":"wp","href":"https:\/\/api.w.org\/{rel}","templated":true}]}}