{"id":15339,"date":"2020-03-30T08:37:59","date_gmt":"2020-03-30T08:37:59","guid":{"rendered":"https:\/\/www.alliedmobility.com\/es\/?p=15339"},"modified":"2020-04-27T11:35:47","modified_gmt":"2020-04-27T11:35:47","slug":"taxistas-barcelona-coronavirus","status":"publish","type":"post","link":"https:\/\/www.alliedmobility.com\/es\/taxistas-barcelona-coronavirus\/","title":{"rendered":"Taxistas en Barcelona Ayudan a Los Trabajadores Sanitarios"},"content":{"rendered":"<h2><b><span data-contrast=\"auto\">Viajes Gratis Gracias a Los Taxistas<\/span><\/b><\/h2>\n<p><span data-contrast=\"auto\">Un conjunto de\u00a0<\/span><span data-contrast=\"auto\">taxistas ofrece<\/span><span data-contrast=\"auto\">n<\/span><span data-contrast=\"auto\">\u00a0<\/span><span data-contrast=\"auto\">viajes gratis a todo tipo de personal sanitario en los hospitales de Barcelona.\u00a0<\/span><span data-ccp-props=\"{&quot;201341983&quot;:0,&quot;335559739&quot;:160,&quot;335559740&quot;:259}\">\u00a0<\/span><\/p>\n<p><span data-contrast=\"auto\">A<\/span><span data-contrast=\"auto\">\u00a0trav\u00e9s\u00a0<\/span><span data-contrast=\"auto\">de esta iniciativa voluntaria, cada\u00a0<\/span><span data-contrast=\"auto\">conductor<\/span><span data-contrast=\"auto\">\u00a0provee<\/span><span data-contrast=\"auto\">\u00a0unos viajes de casa al trabajo o<\/span><span data-contrast=\"auto\">\u00a0viceversa, sea p<\/span><span data-contrast=\"auto\">a<\/span><span data-contrast=\"auto\">r<\/span><span data-contrast=\"auto\">a<\/span><span data-contrast=\"auto\">\u00a0enferm<\/span><span data-contrast=\"auto\">er<\/span><span data-contrast=\"auto\">as,\u00a0<\/span><span data-contrast=\"auto\">m\u00e9dicos o cualquier tipo de personal sanitario.\u00a0<\/span><span data-contrast=\"auto\">\u00a0<\/span><span data-contrast=\"auto\">Esto es un ejemplo\u00a0<\/span><span data-contrast=\"auto\">m\u00e1s\u00a0<\/span><span data-contrast=\"auto\">de la gran\u00a0<\/span><span data-contrast=\"auto\">disposici\u00f3n de los espa\u00f1oles para estar juntos en tiempos de necesidad.<\/span><span data-ccp-props=\"{&quot;201341983&quot;:0,&quot;335559739&quot;:160,&quot;335559740&quot;:259}\">\u00a0<\/span><\/p>\n<h3><b><span data-contrast=\"auto\">Viajes Solidarios\u00a0<\/span><\/b><span data-ccp-props=\"{&quot;201341983&quot;:0,&quot;335559739&quot;:160,&quot;335559740&quot;:259}\">\u00a0<\/span><\/h3>\n<p><span data-contrast=\"auto\">Le idea empez\u00f3\u00a0<\/span><span data-contrast=\"auto\">hace unos d\u00edas gracias a<\/span><span data-contrast=\"auto\">\u00a0unos taxistas de ori<\/span><span data-contrast=\"auto\">gen\u00a0<\/span><span data-contrast=\"auto\">pakistan\u00ed<\/span><span data-contrast=\"auto\">,<\/span><span data-contrast=\"auto\">\u00a0mediante a un grupo en la aplicaci\u00f3n m\u00f3vil\u00a0<\/span><i><span data-contrast=\"auto\">What<\/span><\/i><i><span data-contrast=\"auto\">s<\/span><\/i><i><span data-contrast=\"auto\">App.\u00a0<\/span><\/i><span data-contrast=\"auto\">\u00a0Desde entonces<\/span><span data-contrast=\"auto\">, m\u00e1s y m\u00e1s taxistas han ingresado en el proyecto<\/span><span data-contrast=\"auto\">, que ellos llaman \u2018viajes solidarios\u2019.\u00a0<\/span><span data-ccp-props=\"{&quot;201341983&quot;:0,&quot;335559739&quot;:160,&quot;335559740&quot;:259}\">\u00a0<\/span><\/p>\n<p><span data-contrast=\"auto\">Trabajador como taxista de<\/span><span data-contrast=\"auto\">sde\u00a0<\/span><span data-contrast=\"auto\">hace\u00a0<\/span><span data-contrast=\"auto\">17 a\u00f1os,\u00a0<\/span><span data-contrast=\"auto\">Amil<\/span><span data-contrast=\"auto\">\u00a0<\/span><span data-contrast=\"auto\">Gondal<\/span><span data-contrast=\"auto\">,\u00a0<\/span><span data-contrast=\"auto\">explic\u00f3 que, con sus colegas, quiere hacer algo\u00a0<\/span><span data-contrast=\"auto\">pr\u00e1ctico<\/span><span data-contrast=\"auto\">\u00a0para apoyar a l<\/span><span data-contrast=\"auto\">o<\/span><span data-contrast=\"auto\">s\u00a0<\/span><span data-contrast=\"auto\">profesionales sanitarios, durante este\u00a0<\/span><span data-contrast=\"auto\">per\u00edodo cuando est\u00e1n\u00a0<\/span><span data-contrast=\"auto\">luchando<\/span><span data-contrast=\"auto\">\u00a0tan fuerte y valientemente para cuida<\/span><span data-contrast=\"auto\">r a los que sufren de la pand<\/span><span data-contrast=\"auto\">emia<\/span><span data-contrast=\"auto\">\u00a0de COVID 19.\u00a0<\/span><span data-ccp-props=\"{&quot;201341983&quot;:0,&quot;335559739&quot;:160,&quot;335559740&quot;:259}\">\u00a0<\/span><\/p>\n<p><span data-contrast=\"auto\">Sr.\u00a0<\/span><span data-contrast=\"auto\">Gondal<\/span><span data-contrast=\"auto\">\u00a0dijo a\u00a0<\/span><i><span data-contrast=\"auto\">La Vanguardia<\/span><\/i><span data-contrast=\"auto\">:\u00a0<\/span><span data-contrast=\"auto\">\u201c<\/span><span data-contrast=\"auto\">El personal sanitario est\u00e1 trabajando muchas horas para frenar la pandemia del coronavirus y pensamos que pod\u00edamos ayudar facilit\u00e1ndole el transporte gratuito de su casa al trabajo y\u00a0<\/span><span data-contrast=\"auto\">de retorno<\/span><span data-contrast=\"auto\">\u201d<\/span><span data-contrast=\"auto\">.\u00a0<\/span><span data-ccp-props=\"{&quot;201341983&quot;:0,&quot;335559739&quot;:160,&quot;335559740&quot;:259}\">\u00a0<\/span><\/p>\n<h3><b><span data-contrast=\"auto\">No Solos\u00a0<\/span><\/b><span data-ccp-props=\"{&quot;201341983&quot;:0,&quot;335559739&quot;:160,&quot;335559740&quot;:259}\">\u00a0<\/span><\/h3>\n<blockquote><p><span data-contrast=\"auto\">Es una peque\u00f1a ayuda y queremos que sepan que los profesionales sanitarios no\u00a0<\/span><span data-contrast=\"auto\">est\u00e1n<\/span><span data-contrast=\"auto\"> solos.<\/span><\/p><\/blockquote>\n<p><span data-contrast=\"auto\">Su colega,\u00a0<\/span><span data-contrast=\"auto\">Shahbaz<\/span><span data-contrast=\"auto\">\u00a0<\/span><span data-contrast=\"auto\">Khatana<\/span><span data-contrast=\"auto\">, a\u00f1adi\u00f3 que: \u201cCada d\u00eda hacemos un par de traslados solidarios por cada conductor. Es una peque\u00f1a ayuda y queremos que sepan que los profesionales sanitarios no\u00a0<\/span><span data-contrast=\"auto\">est\u00e1n<\/span><span data-contrast=\"auto\">\u00a0solos\u201d, destaca.<\/span><span data-ccp-props=\"{&quot;201341983&quot;:0,&quot;335559739&quot;:160,&quot;335559740&quot;:259}\">\u00a0<\/span><\/p>\n<p><span data-contrast=\"auto\">Los taxistas han ido anunciando su servicio solidario<\/span><span data-contrast=\"auto\">\u00a0en persona, a l<\/span><span data-contrast=\"auto\">o<\/span><span data-contrast=\"auto\">s mayores hospitales de la capital\u00a0<\/span><span data-contrast=\"auto\">Catal<\/span><span data-contrast=\"auto\">a<\/span><span data-contrast=\"auto\">n<\/span><span data-contrast=\"auto\">a<\/span><span data-contrast=\"auto\">, como\u00a0<\/span><span data-contrast=\"auto\">Esp\u00edritu<\/span><span data-contrast=\"auto\">\u00a0Santo,\u00a0<\/span><span data-contrast=\"auto\">Vall<\/span><span data-contrast=\"auto\">\u00a0<\/span><span data-contrast=\"auto\">d\u2019Hebron<\/span><span data-contrast=\"auto\">, Can\u00a0<\/span><span data-contrast=\"auto\">Ruti<\/span><span data-contrast=\"auto\">\u00a0y\u00a0<\/span><span data-contrast=\"auto\">Bellvitge<\/span><span data-contrast=\"auto\">.\u00a0<\/span><span data-contrast=\"auto\">\u00a0<\/span><span data-contrast=\"auto\">Todos estos lugares est\u00e1n en primera l\u00ednea de la batalla frente al Coronavirus.<\/span><span data-ccp-props=\"{&quot;201341983&quot;:0,&quot;335559739&quot;:160,&quot;335559740&quot;:259}\">\u00a0<\/span><\/p>\n<h3><b><span data-contrast=\"auto\">Esfuerzo Internacional\u00a0<\/span><\/b><span data-ccp-props=\"{&quot;201341983&quot;:0,&quot;335559739&quot;:160,&quot;335559740&quot;:259}\">\u00a0<\/span><\/h3>\n<p><span data-contrast=\"auto\">Entre los que contribuyen a este servicio grat<\/span><span data-contrast=\"auto\">u<\/span><span data-contrast=\"auto\">i<\/span><span data-contrast=\"auto\">to<\/span><span data-contrast=\"auto\">\u00a0son taxistas de numeros<\/span><span data-contrast=\"auto\">a<\/span><span data-contrast=\"auto\">s<\/span><span data-contrast=\"auto\">\u00a0diferentes nacionalidades o, al menos, diferente<\/span><span data-contrast=\"auto\">s<\/span><span data-contrast=\"auto\">\u00a0pa\u00edses de origen<\/span><span data-contrast=\"auto\">, de Pakist\u00e1n a\u00a0<\/span><span data-contrast=\"auto\">Brasil<\/span><span data-contrast=\"auto\">. Por supuesto, los taxistas y los trabajadores\u00a0<\/span><span data-contrast=\"auto\">san<\/span><span data-contrast=\"auto\">i<\/span><span data-contrast=\"auto\">t<\/span><span data-contrast=\"auto\">a<\/span><span data-contrast=\"auto\">rios<\/span><span data-contrast=\"auto\">\u00a0<\/span><span data-contrast=\"auto\">est\u00e1n siendo muy cuidadosos<\/span><span data-contrast=\"auto\">, con el uso de desinfectante de manos<\/span><span data-contrast=\"auto\">, toallitas antis\u00e9ptic<\/span><span data-contrast=\"auto\">a<\/span><span data-contrast=\"auto\">s y mascarill<\/span><span data-contrast=\"auto\">as protectoras.\u00a0<\/span><span data-ccp-props=\"{&quot;201341983&quot;:0,&quot;335559739&quot;:160,&quot;335559740&quot;:259}\">\u00a0<\/span><\/p>\n<p><span data-contrast=\"auto\">El director gerente de\u00a0<\/span><span data-contrast=\"auto\">Allied<\/span><span data-contrast=\"auto\">\u00a0<\/span><span data-contrast=\"auto\">Mobility<\/span><span data-contrast=\"auto\">, Pedro\u00a0<\/span><span data-contrast=\"auto\">Facenna<\/span><span data-contrast=\"auto\">, dijo: \u201cTodos sabemos que<\/span><span data-contrast=\"auto\">, p<\/span><span data-contrast=\"auto\">ara<\/span><span data-contrast=\"auto\">\u00a0el sector de taxis, estos son tiempos muy duros,\u00a0<\/span><span data-contrast=\"auto\">con un<\/span><span data-contrast=\"auto\">a baja\u00a0<\/span><span data-contrast=\"auto\">masiv<\/span><span data-contrast=\"auto\">a<\/span><span data-contrast=\"auto\">\u00a0en\u00a0<\/span><span data-contrast=\"auto\">la demanda public<\/span><span data-contrast=\"auto\">a<\/span><span data-contrast=\"auto\">\u00a0por sus servicios, debido a las\u00a0<\/span><span data-contrast=\"auto\">prohibiciones\u00a0<\/span><span data-contrast=\"auto\">de<\/span><span data-contrast=\"auto\">\u00a0desplazamientos\u00a0<\/span><span data-contrast=\"auto\">instaurad<\/span><span data-contrast=\"auto\">a<\/span><span data-contrast=\"auto\">\u00a0hace un<\/span><span data-contrast=\"auto\">a<\/span><span data-contrast=\"auto\">s semanas\u00a0<\/span><span data-contrast=\"auto\">por<\/span><span data-contrast=\"auto\">\u00a0el estado de alarma en\u00a0<\/span><span data-contrast=\"auto\">Espa\u00f1a<\/span><span data-contrast=\"auto\">.<\/span><span data-ccp-props=\"{&quot;201341983&quot;:0,&quot;335559739&quot;:160,&quot;335559740&quot;:259}\">\u00a0<\/span><\/p>\n<p><span data-contrast=\"auto\">Continu\u00f3: \u201cEs por eso que las acciones de estos taxistas en Barcelona son a\u00fan m\u00e1s inspiradoras. Realizan una contribuci\u00f3n real a los esfuerzos de nuestros m\u00e9dicos y enfermeras para superar el Coronavirus.\u201d\u00a0<\/span><span data-ccp-props=\"{&quot;201341983&quot;:0,&quot;335559739&quot;:160,&quot;335559740&quot;:259}\">\u00a0<\/span><\/p>\n<p><i><span data-contrast=\"auto\">Allied<\/span><\/i><i><span data-contrast=\"auto\">\u00a0<\/span><\/i><i><span data-contrast=\"auto\">Mobility<\/span><\/i><i><span data-contrast=\"auto\">\u00a0e<\/span><\/i><i><span data-contrast=\"auto\">s<\/span><\/i><i><span data-contrast=\"auto\">\u00a0el\u00a0<\/span><\/i><i><span data-contrast=\"auto\">m\u00e1s\u00a0<\/span><\/i><i><span data-contrast=\"auto\">grande dise\u00f1ador y fabricante\u00a0<\/span><\/i><i><span data-contrast=\"auto\">de\u00a0<\/span><\/i><a href=\"https:\/\/www.alliedmobility.com\/es\/taxis-accesibles-para-sillas-de-ruedas-eurotaxi\/\" target=\"_blank\" rel=\"noopener noreferrer\"><em>Eurotaxis<\/em><\/a><i><span data-contrast=\"auto\">\u00a0en Europa.\u00a0<\/span><\/i><i><span data-contrast=\"auto\">Leer\u00a0<\/span><\/i><i><span data-contrast=\"auto\">m\u00e1s<\/span><\/i><i><span data-contrast=\"auto\">\u00a0sobre taxis accesibles para sillas de ruedas y personas con discapacidad.\u00a0<\/span><\/i><span data-ccp-props=\"{&quot;201341983&quot;:0,&quot;335559739&quot;:160,&quot;335559740&quot;:259}\">\u00a0<\/span><\/p>\n<p><span data-ccp-props=\"{&quot;201341983&quot;:0,&quot;335559739&quot;:160,&quot;335559740&quot;:259}\">\u00a0<\/span><\/p>\n<p><span data-ccp-props=\"{&quot;201341983&quot;:0,&quot;335559739&quot;:160,&quot;335559740&quot;:259}\">\u00a0<\/span><\/p>\n<figure id=\"attachment_15347\" aria-describedby=\"caption-attachment-15347\" style=\"width: 300px\" class=\"wp-caption alignnone\"><img loading=\"lazy\" decoding=\"async\" title=\"Hospital de Ebron en Barcelona\" src=\"https:\/\/www.alliedmobility.com\/es\/wp-content\/uploads\/2020\/03\/Hospital-de-Ebron-en-Barcelona-300x117.jpg\" alt=\"Hospital de Ebron en Barcelona\" width=\"300\" height=\"117\" class=\"size-medium wp-image-15347\" srcset=\"https:\/\/www.alliedmobility.com\/es\/wp-content\/uploads\/2020\/03\/Hospital-de-Ebron-en-Barcelona-300x117.jpg 300w, https:\/\/www.alliedmobility.com\/es\/wp-content\/uploads\/2020\/03\/Hospital-de-Ebron-en-Barcelona-1024x398.jpg 1024w, https:\/\/www.alliedmobility.com\/es\/wp-content\/uploads\/2020\/03\/Hospital-de-Ebron-en-Barcelona-768x299.jpg 768w, https:\/\/www.alliedmobility.com\/es\/wp-content\/uploads\/2020\/03\/Hospital-de-Ebron-en-Barcelona.jpg 1080w\" sizes=\"auto, (max-width: 300px) 100vw, 300px\" \/><figcaption id=\"caption-attachment-15347\" class=\"wp-caption-text\">Hospital de Ebron en Barcelona<\/figcaption><\/figure>\n","protected":false},"excerpt":{"rendered":"<p>Viajes Gratis Gracias a Los Taxistas Un conjunto de\u00a0taxistas ofrecen\u00a0viajes gratis a todo tipo de personal sanitario en los&#8230;<\/p>\n","protected":false},"author":8,"featured_media":15425,"comment_status":"closed","ping_status":"closed","sticky":false,"template":"","format":"standard","meta":{"_acf_changed":false,"inline_featured_image":false,"footnotes":""},"categories":[25],"tags":[],"class_list":["post-15339","post","type-post","status-publish","format-standard","has-post-thumbnail","hentry","category-allied-mobility-news"],"acf":[],"yoast_head":"<!-- This site is optimized with the Yoast SEO plugin v28.3 - https:\/\/yoast.com\/product\/yoast-seo-wordpress\/ -->\n<title>Taxistas en Barcelona Ayudan a Los Trabajadores Sanitarios - Allied Mobility<\/title>\n<meta name=\"description\" content=\"Viajes Gratis Gracias a Los Taxistas Un conjunto de\u00a0taxistas ofrecen\u00a0viajes gratis a todo tipo de personal sanitario en los hospitales de Barcelona.\u00a0\u00a0\" \/>\n<meta name=\"robots\" content=\"index, follow, max-snippet:-1, max-image-preview:large, max-video-preview:-1\" \/>\n<link rel=\"canonical\" href=\"https:\/\/www.alliedmobility.com\/es\/taxistas-barcelona-coronavirus\/\" \/>\n<meta property=\"og:locale\" content=\"es-ES\" \/>\n<meta property=\"og:type\" content=\"article\" \/>\n<meta property=\"og:title\" content=\"Taxistas en Barcelona Ayudan a Los Trabajadores Sanitarios - Allied Mobility\" \/>\n<meta property=\"og:description\" content=\"Viajes Gratis Gracias a Los Taxistas Un conjunto de\u00a0taxistas ofrecen\u00a0viajes gratis a todo tipo de personal sanitario en los hospitales de Barcelona.\u00a0\u00a0\" \/>\n<meta property=\"og:url\" content=\"https:\/\/www.alliedmobility.com\/es\/taxistas-barcelona-coronavirus\/\" \/>\n<meta property=\"og:site_name\" content=\"Allied Mobility Espana\" \/>\n<meta property=\"article:published_time\" content=\"2020-03-30T08:37:59+00:00\" \/>\n<meta property=\"article:modified_time\" content=\"2020-04-27T11:35:47+00:00\" \/>\n<meta property=\"og:image\" content=\"https:\/\/www.alliedmobility.com\/es\/wp-content\/uploads\/2020\/03\/barcelona-taxi_350x300.jpg\" \/>\n\t<meta property=\"og:image:width\" content=\"350\" \/>\n\t<meta property=\"og:image:height\" content=\"300\" \/>\n\t<meta property=\"og:image:type\" content=\"image\/jpeg\" \/>\n<meta name=\"author\" content=\"Donald Pow\" \/>\n<meta name=\"twitter:label1\" content=\"Written by\" \/>\n\t<meta name=\"twitter:data1\" content=\"Donald Pow\" \/>\n\t<meta name=\"twitter:label2\" content=\"Estimated reading time\" \/>\n\t<meta name=\"twitter:data2\" content=\"2 minutes\" \/>\n<script type=\"application\/ld+json\" class=\"yoast-schema-graph\">{\"@context\":\"https:\\\/\\\/schema.org\",\"@graph\":[{\"@type\":\"Article\",\"@id\":\"https:\\\/\\\/www.alliedmobility.com\\\/es\\\/taxistas-barcelona-coronavirus\\\/#article\",\"isPartOf\":{\"@id\":\"https:\\\/\\\/www.alliedmobility.com\\\/es\\\/taxistas-barcelona-coronavirus\\\/\"},\"author\":{\"name\":\"Donald Pow\",\"@id\":\"https:\\\/\\\/www.alliedmobility.com\\\/es\\\/#\\\/schema\\\/person\\\/7a4d8cff527d6563e6c5674078b9432b\"},\"headline\":\"Taxistas en Barcelona Ayudan a Los Trabajadores Sanitarios\",\"datePublished\":\"2020-03-30T08:37:59+00:00\",\"dateModified\":\"2020-04-27T11:35:47+00:00\",\"mainEntityOfPage\":{\"@id\":\"https:\\\/\\\/www.alliedmobility.com\\\/es\\\/taxistas-barcelona-coronavirus\\\/\"},\"wordCount\":537,\"image\":{\"@id\":\"https:\\\/\\\/www.alliedmobility.com\\\/es\\\/taxistas-barcelona-coronavirus\\\/#primaryimage\"},\"thumbnailUrl\":\"https:\\\/\\\/www.alliedmobility.com\\\/es\\\/wp-content\\\/uploads\\\/2020\\\/03\\\/barcelona-taxi_350x300.jpg\",\"articleSection\":[\"Noticias de Allied Mobility\"],\"inLanguage\":\"es-ES\"},{\"@type\":\"WebPage\",\"@id\":\"https:\\\/\\\/www.alliedmobility.com\\\/es\\\/taxistas-barcelona-coronavirus\\\/\",\"url\":\"https:\\\/\\\/www.alliedmobility.com\\\/es\\\/taxistas-barcelona-coronavirus\\\/\",\"name\":\"Taxistas en Barcelona Ayudan a Los Trabajadores Sanitarios - Allied Mobility\",\"isPartOf\":{\"@id\":\"https:\\\/\\\/www.alliedmobility.com\\\/es\\\/#website\"},\"primaryImageOfPage\":{\"@id\":\"https:\\\/\\\/www.alliedmobility.com\\\/es\\\/taxistas-barcelona-coronavirus\\\/#primaryimage\"},\"image\":{\"@id\":\"https:\\\/\\\/www.alliedmobility.com\\\/es\\\/taxistas-barcelona-coronavirus\\\/#primaryimage\"},\"thumbnailUrl\":\"https:\\\/\\\/www.alliedmobility.com\\\/es\\\/wp-content\\\/uploads\\\/2020\\\/03\\\/barcelona-taxi_350x300.jpg\",\"datePublished\":\"2020-03-30T08:37:59+00:00\",\"dateModified\":\"2020-04-27T11:35:47+00:00\",\"author\":{\"@id\":\"https:\\\/\\\/www.alliedmobility.com\\\/es\\\/#\\\/schema\\\/person\\\/7a4d8cff527d6563e6c5674078b9432b\"},\"description\":\"Viajes Gratis Gracias a Los Taxistas Un conjunto de\u00a0taxistas ofrecen\u00a0viajes gratis a todo tipo de personal sanitario en los hospitales de Barcelona.\u00a0\u00a0\",\"breadcrumb\":{\"@id\":\"https:\\\/\\\/www.alliedmobility.com\\\/es\\\/taxistas-barcelona-coronavirus\\\/#breadcrumb\"},\"inLanguage\":\"es-ES\",\"potentialAction\":[{\"@type\":\"ReadAction\",\"target\":[\"https:\\\/\\\/www.alliedmobility.com\\\/es\\\/taxistas-barcelona-coronavirus\\\/\"]}]},{\"@type\":\"ImageObject\",\"inLanguage\":\"es-ES\",\"@id\":\"https:\\\/\\\/www.alliedmobility.com\\\/es\\\/taxistas-barcelona-coronavirus\\\/#primaryimage\",\"url\":\"https:\\\/\\\/www.alliedmobility.com\\\/es\\\/wp-content\\\/uploads\\\/2020\\\/03\\\/barcelona-taxi_350x300.jpg\",\"contentUrl\":\"https:\\\/\\\/www.alliedmobility.com\\\/es\\\/wp-content\\\/uploads\\\/2020\\\/03\\\/barcelona-taxi_350x300.jpg\",\"width\":350,\"height\":300,\"caption\":\"Hay varios taxis alineados, con el foco de atenci\u00f3n puesto en el letrero luminoso de \u00abTAXI\u00bb que hay en el techo del coche negro m\u00e1s cercano. Al m\u00e1s puro estilo de Taxis Barcelona, el fondo muestra m\u00e1s taxis amarillos y negros esperando en fila, lo que captura una escena t\u00edpica del ajetreo de la ciudad.\"},{\"@type\":\"BreadcrumbList\",\"@id\":\"https:\\\/\\\/www.alliedmobility.com\\\/es\\\/taxistas-barcelona-coronavirus\\\/#breadcrumb\",\"itemListElement\":[{\"@type\":\"ListItem\",\"position\":1,\"name\":\"Inicio\",\"item\":\"https:\\\/\\\/www.alliedmobility.com\\\/es\\\/\"},{\"@type\":\"ListItem\",\"position\":2,\"name\":\"Taxistas en Barcelona Ayudan a Los Trabajadores Sanitarios\"}],\"inLanguage\":\"es-ES\"},{\"@type\":\"WebSite\",\"@id\":\"https:\\\/\\\/www.alliedmobility.com\\\/es\\\/#website\",\"url\":\"https:\\\/\\\/www.alliedmobility.com\\\/es\\\/\",\"name\":\"Allied Mobility Espana\",\"description\":\"Coches adaptados con rampa para sillas de ruedas en Espa\u00f1a\",\"potentialAction\":[{\"@type\":\"SearchAction\",\"target\":{\"@type\":\"EntryPoint\",\"urlTemplate\":\"https:\\\/\\\/www.alliedmobility.com\\\/es\\\/?s={search_term_string}\"},\"query-input\":{\"@type\":\"PropertyValueSpecification\",\"valueRequired\":true,\"valueName\":\"search_term_string\"}}],\"inLanguage\":\"es-ES\"},{\"@type\":\"Person\",\"@id\":\"https:\\\/\\\/www.alliedmobility.com\\\/es\\\/#\\\/schema\\\/person\\\/7a4d8cff527d6563e6c5674078b9432b\",\"name\":\"Donald Pow\",\"image\":{\"@type\":\"ImageObject\",\"inLanguage\":\"en-GB\",\"@id\":\"https:\\\/\\\/secure.gravatar.com\\\/avatar\\\/47f5f78656e7c0e29b0286cbe5017da732fafb51263029d8a62096cdd9ffcb77?s=96&d=mm&r=g\",\"url\":\"https:\\\/\\\/secure.gravatar.com\\\/avatar\\\/47f5f78656e7c0e29b0286cbe5017da732fafb51263029d8a62096cdd9ffcb77?s=96&d=mm&r=g\",\"contentUrl\":\"https:\\\/\\\/secure.gravatar.com\\\/avatar\\\/47f5f78656e7c0e29b0286cbe5017da732fafb51263029d8a62096cdd9ffcb77?s=96&d=mm&r=g\",\"caption\":\"Donald Pow\"},\"inLanguage\":\"es-ES\"}]}<\/script>\n<!-- \/ Yoast SEO plugin. -->","yoast_head_json":{"title":"Taxistas en Barcelona Ayudan a Los Trabajadores Sanitarios - Allied Mobility","description":"Viajes Gratis Gracias a Los Taxistas Un conjunto de\u00a0taxistas ofrecen\u00a0viajes gratis a todo tipo de personal sanitario en los hospitales de Barcelona.\u00a0\u00a0","robots":{"index":"index","follow":"follow","max-snippet":"max-snippet:-1","max-image-preview":"max-image-preview:large","max-video-preview":"max-video-preview:-1"},"canonical":"https:\/\/www.alliedmobility.com\/es\/taxistas-barcelona-coronavirus\/","og_locale":"es-ES","og_type":"article","og_title":"Taxistas en Barcelona Ayudan a Los Trabajadores Sanitarios - Allied Mobility","og_description":"Viajes Gratis Gracias a Los Taxistas Un conjunto de\u00a0taxistas ofrecen\u00a0viajes gratis a todo tipo de personal sanitario en los hospitales de Barcelona.\u00a0\u00a0","og_url":"https:\/\/www.alliedmobility.com\/es\/taxistas-barcelona-coronavirus\/","og_site_name":"Allied Mobility Espana","article_published_time":"2020-03-30T08:37:59+00:00","article_modified_time":"2020-04-27T11:35:47+00:00","og_image":[{"width":350,"height":300,"url":"https:\/\/www.alliedmobility.com\/es\/wp-content\/uploads\/2020\/03\/barcelona-taxi_350x300.jpg","type":"image\/jpeg"}],"author":"Donald Pow","twitter_misc":{"Written by":"Donald Pow","Estimated reading time":"2 minutes"},"schema":{"@context":"https:\/\/schema.org","@graph":[{"@type":"Article","@id":"https:\/\/www.alliedmobility.com\/es\/taxistas-barcelona-coronavirus\/#article","isPartOf":{"@id":"https:\/\/www.alliedmobility.com\/es\/taxistas-barcelona-coronavirus\/"},"author":{"name":"Donald Pow","@id":"https:\/\/www.alliedmobility.com\/es\/#\/schema\/person\/7a4d8cff527d6563e6c5674078b9432b"},"headline":"Taxistas en Barcelona Ayudan a Los Trabajadores Sanitarios","datePublished":"2020-03-30T08:37:59+00:00","dateModified":"2020-04-27T11:35:47+00:00","mainEntityOfPage":{"@id":"https:\/\/www.alliedmobility.com\/es\/taxistas-barcelona-coronavirus\/"},"wordCount":537,"image":{"@id":"https:\/\/www.alliedmobility.com\/es\/taxistas-barcelona-coronavirus\/#primaryimage"},"thumbnailUrl":"https:\/\/www.alliedmobility.com\/es\/wp-content\/uploads\/2020\/03\/barcelona-taxi_350x300.jpg","articleSection":["Noticias de Allied Mobility"],"inLanguage":"es-ES"},{"@type":"WebPage","@id":"https:\/\/www.alliedmobility.com\/es\/taxistas-barcelona-coronavirus\/","url":"https:\/\/www.alliedmobility.com\/es\/taxistas-barcelona-coronavirus\/","name":"Taxistas en Barcelona Ayudan a Los Trabajadores Sanitarios - Allied Mobility","isPartOf":{"@id":"https:\/\/www.alliedmobility.com\/es\/#website"},"primaryImageOfPage":{"@id":"https:\/\/www.alliedmobility.com\/es\/taxistas-barcelona-coronavirus\/#primaryimage"},"image":{"@id":"https:\/\/www.alliedmobility.com\/es\/taxistas-barcelona-coronavirus\/#primaryimage"},"thumbnailUrl":"https:\/\/www.alliedmobility.com\/es\/wp-content\/uploads\/2020\/03\/barcelona-taxi_350x300.jpg","datePublished":"2020-03-30T08:37:59+00:00","dateModified":"2020-04-27T11:35:47+00:00","author":{"@id":"https:\/\/www.alliedmobility.com\/es\/#\/schema\/person\/7a4d8cff527d6563e6c5674078b9432b"},"description":"Viajes Gratis Gracias a Los Taxistas Un conjunto de\u00a0taxistas ofrecen\u00a0viajes gratis a todo tipo de personal sanitario en los hospitales de Barcelona.\u00a0\u00a0","breadcrumb":{"@id":"https:\/\/www.alliedmobility.com\/es\/taxistas-barcelona-coronavirus\/#breadcrumb"},"inLanguage":"es-ES","potentialAction":[{"@type":"ReadAction","target":["https:\/\/www.alliedmobility.com\/es\/taxistas-barcelona-coronavirus\/"]}]},{"@type":"ImageObject","inLanguage":"es-ES","@id":"https:\/\/www.alliedmobility.com\/es\/taxistas-barcelona-coronavirus\/#primaryimage","url":"https:\/\/www.alliedmobility.com\/es\/wp-content\/uploads\/2020\/03\/barcelona-taxi_350x300.jpg","contentUrl":"https:\/\/www.alliedmobility.com\/es\/wp-content\/uploads\/2020\/03\/barcelona-taxi_350x300.jpg","width":350,"height":300,"caption":"Hay varios taxis alineados, con el foco de atenci\u00f3n puesto en el letrero luminoso de \u00abTAXI\u00bb que hay en el techo del coche negro m\u00e1s cercano. Al m\u00e1s puro estilo de Taxis Barcelona, el fondo muestra m\u00e1s taxis amarillos y negros esperando en fila, lo que captura una escena t\u00edpica del ajetreo de la ciudad."},{"@type":"BreadcrumbList","@id":"https:\/\/www.alliedmobility.com\/es\/taxistas-barcelona-coronavirus\/#breadcrumb","itemListElement":[{"@type":"ListItem","position":1,"name":"Inicio","item":"https:\/\/www.alliedmobility.com\/es\/"},{"@type":"ListItem","position":2,"name":"Taxistas en Barcelona Ayudan a Los Trabajadores Sanitarios"}],"inLanguage":"es-ES"},{"@type":"WebSite","@id":"https:\/\/www.alliedmobility.com\/es\/#website","url":"https:\/\/www.alliedmobility.com\/es\/","name":"Allied Mobility Espana","description":"Coches adaptados con rampa para sillas de ruedas en Espa\u00f1a","potentialAction":[{"@type":"SearchAction","target":{"@type":"EntryPoint","urlTemplate":"https:\/\/www.alliedmobility.com\/es\/?s={search_term_string}"},"query-input":{"@type":"PropertyValueSpecification","valueRequired":true,"valueName":"search_term_string"}}],"inLanguage":"es-ES"},{"@type":"Person","@id":"https:\/\/www.alliedmobility.com\/es\/#\/schema\/person\/7a4d8cff527d6563e6c5674078b9432b","name":"Donald Pow","image":{"@type":"ImageObject","inLanguage":"en-GB","@id":"https:\/\/secure.gravatar.com\/avatar\/47f5f78656e7c0e29b0286cbe5017da732fafb51263029d8a62096cdd9ffcb77?s=96&d=mm&r=g","url":"https:\/\/secure.gravatar.com\/avatar\/47f5f78656e7c0e29b0286cbe5017da732fafb51263029d8a62096cdd9ffcb77?s=96&d=mm&r=g","contentUrl":"https:\/\/secure.gravatar.com\/avatar\/47f5f78656e7c0e29b0286cbe5017da732fafb51263029d8a62096cdd9ffcb77?s=96&d=mm&r=g","caption":"Donald Pow"},"inLanguage":"es-ES"}]}},"_links":{"self":[{"href":"https:\/\/www.alliedmobility.com\/es\/wp-json\/wp\/v2\/posts\/15339","targetHints":{"allow":["GET"]}}],"collection":[{"href":"https:\/\/www.alliedmobility.com\/es\/wp-json\/wp\/v2\/posts"}],"about":[{"href":"https:\/\/www.alliedmobility.com\/es\/wp-json\/wp\/v2\/types\/post"}],"author":[{"embeddable":true,"href":"https:\/\/www.alliedmobility.com\/es\/wp-json\/wp\/v2\/users\/8"}],"replies":[{"embeddable":true,"href":"https:\/\/www.alliedmobility.com\/es\/wp-json\/wp\/v2\/comments?post=15339"}],"version-history":[{"count":13,"href":"https:\/\/www.alliedmobility.com\/es\/wp-json\/wp\/v2\/posts\/15339\/revisions"}],"predecessor-version":[{"id":15359,"href":"https:\/\/www.alliedmobility.com\/es\/wp-json\/wp\/v2\/posts\/15339\/revisions\/15359"}],"wp:featuredmedia":[{"embeddable":true,"href":"https:\/\/www.alliedmobility.com\/es\/wp-json\/wp\/v2\/media\/15425"}],"wp:attachment":[{"href":"https:\/\/www.alliedmobility.com\/es\/wp-json\/wp\/v2\/media?parent=15339"}],"wp:term":[{"taxonomy":"category","embeddable":true,"href":"https:\/\/www.alliedmobility.com\/es\/wp-json\/wp\/v2\/categories?post=15339"},{"taxonomy":"post_tag","embeddable":true,"href":"https:\/\/www.alliedmobility.com\/es\/wp-json\/wp\/v2\/tags?post=15339"}],"curies":[{"name":"wp","href":"https:\/\/api.w.org\/{rel}","templated":true}]}}