{"id":20430,"date":"2026-06-16T13:45:31","date_gmt":"2026-06-16T13:45:31","guid":{"rendered":"https:\/\/www.alliedmobility.com\/fr\/?p=20430"},"modified":"2026-08-05T09:38:33","modified_gmt":"2026-08-05T09:38:33","slug":"vacances-dete-pmr-2026-preparez-votre-grand-depart-en-6-semaines-sans-mauvaise-surprise","status":"publish","type":"post","link":"https:\/\/www.alliedmobility.com\/fr\/vacances-dete-pmr-2026-preparez-votre-grand-depart-en-6-semaines-sans-mauvaise-surprise\/","title":{"rendered":"Vacances d&#8217;\u00e9t\u00e9 PMR 2026 : pr\u00e9parez votre grand d\u00e9part en 6 semaines, sans mauvaise surprise"},"content":{"rendered":"","protected":false},"excerpt":{"rendered":"","protected":false},"author":22,"featured_media":20434,"comment_status":"closed","ping_status":"closed","sticky":false,"template":"","format":"standard","meta":{"_acf_changed":false,"inline_featured_image":false,"footnotes":""},"categories":[1],"tags":[],"class_list":["post-20430","post","type-post","status-publish","format-standard","has-post-thumbnail","hentry","category-nouvelles"],"acf":[],"yoast_head":"<!-- This site is optimized with the Yoast SEO plugin v28.4 - https:\/\/yoast.com\/product\/yoast-seo-wordpress\/ -->\n<title>Vacances \u00e9t\u00e9 PMR 2026 : le guide pour partir serein<\/title>\n<meta name=\"description\" content=\"Pr\u00e9parez vos vacances d&#039;\u00e9t\u00e9 PMR avec notre guide : canicule, autonomie, bornes de recharge accessibles et h\u00f4tels PMR. Partez l&#039;esprit libre cet \u00e9t\u00e9 en famille.\" \/>\n<meta name=\"robots\" content=\"index, follow, max-snippet:-1, max-image-preview:large, max-video-preview:-1\" \/>\n<link rel=\"canonical\" href=\"https:\/\/www.alliedmobility.com\/fr\/vacances-dete-pmr-2026-preparez-votre-grand-depart-en-6-semaines-sans-mauvaise-surprise\/\" \/>\n<meta property=\"og:locale\" content=\"fr-FR\" \/>\n<meta property=\"og:type\" content=\"article\" \/>\n<meta property=\"og:title\" content=\"Vacances \u00e9t\u00e9 PMR 2026 : le guide pour partir serein\" \/>\n<meta property=\"og:description\" content=\"Pr\u00e9parez vos vacances d&#039;\u00e9t\u00e9 PMR avec notre guide : canicule, autonomie, bornes de recharge accessibles et h\u00f4tels PMR. Partez l&#039;esprit libre cet \u00e9t\u00e9 en famille.\" \/>\n<meta property=\"og:url\" content=\"https:\/\/www.alliedmobility.com\/fr\/vacances-dete-pmr-2026-preparez-votre-grand-depart-en-6-semaines-sans-mauvaise-surprise\/\" \/>\n<meta property=\"og:site_name\" content=\"Allied Mobility France\" \/>\n<meta property=\"article:published_time\" content=\"2026-06-16T13:45:31+00:00\" \/>\n<meta property=\"article:modified_time\" content=\"2026-08-05T09:38:33+00:00\" \/>\n<meta property=\"og:image\" content=\"https:\/\/www.alliedmobility.com\/fr\/media\/vacances-ete-PMR.png\" \/>\n\t<meta property=\"og:image:width\" content=\"350\" \/>\n\t<meta property=\"og:image:height\" content=\"300\" \/>\n\t<meta property=\"og:image:type\" content=\"image\/png\" \/>\n<meta name=\"author\" content=\"Laura\" \/>\n<meta name=\"twitter:card\" content=\"summary_large_image\" \/>\n<meta name=\"twitter:label1\" content=\"Written by\" \/>\n\t<meta name=\"twitter:data1\" content=\"Laura\" \/>\n\t<meta name=\"twitter:label2\" content=\"Estimated reading time\" \/>\n\t<meta name=\"twitter:data2\" content=\"7 minutes\" \/>\n<script type=\"application\/ld+json\" class=\"yoast-schema-graph\">{\"@context\":\"https:\\\/\\\/schema.org\",\"@graph\":{\"0\":{\"@type\":\"Article\",\"@id\":\"https:\\\/\\\/www.alliedmobility.com\\\/fr\\\/vacances-dete-pmr-2026-preparez-votre-grand-depart-en-6-semaines-sans-mauvaise-surprise\\\/#article\",\"isPartOf\":{\"@id\":\"https:\\\/\\\/www.alliedmobility.com\\\/fr\\\/vacances-dete-pmr-2026-preparez-votre-grand-depart-en-6-semaines-sans-mauvaise-surprise\\\/\"},\"author\":{\"name\":\"Laura\",\"@id\":\"https:\\\/\\\/www.alliedmobility.com\\\/fr\\\/#\\\/schema\\\/person\\\/d16a5868b9a712c63a9a05435218f270\"},\"headline\":\"Vacances d&#8217;\u00e9t\u00e9 PMR 2026 : pr\u00e9parez votre grand d\u00e9part en 6 semaines, sans mauvaise surprise\",\"datePublished\":\"2026-06-16T13:45:31+00:00\",\"dateModified\":\"2026-08-05T09:38:33+00:00\",\"mainEntityOfPage\":{\"@id\":\"https:\\\/\\\/www.alliedmobility.com\\\/fr\\\/vacances-dete-pmr-2026-preparez-votre-grand-depart-en-6-semaines-sans-mauvaise-surprise\\\/\"},\"wordCount\":15,\"publisher\":{\"@id\":\"https:\\\/\\\/www.alliedmobility.com\\\/fr\\\/#organization\"},\"image\":{\"@id\":\"https:\\\/\\\/www.alliedmobility.com\\\/fr\\\/vacances-dete-pmr-2026-preparez-votre-grand-depart-en-6-semaines-sans-mauvaise-surprise\\\/#primaryimage\"},\"thumbnailUrl\":\"https:\\\/\\\/www.alliedmobility.com\\\/fr\\\/media\\\/vacances-ete-PMR.png\",\"articleSection\":[\"Nouvelles\"],\"inLanguage\":\"fr-FR\"},\"1\":{\"@type\":\"WebPage\",\"@id\":\"https:\\\/\\\/www.alliedmobility.com\\\/fr\\\/vacances-dete-pmr-2026-preparez-votre-grand-depart-en-6-semaines-sans-mauvaise-surprise\\\/\",\"url\":\"https:\\\/\\\/www.alliedmobility.com\\\/fr\\\/vacances-dete-pmr-2026-preparez-votre-grand-depart-en-6-semaines-sans-mauvaise-surprise\\\/\",\"name\":\"Vacances \u00e9t\u00e9 PMR 2026 : le guide pour partir serein\",\"isPartOf\":{\"@id\":\"https:\\\/\\\/www.alliedmobility.com\\\/fr\\\/#website\"},\"primaryImageOfPage\":{\"@id\":\"https:\\\/\\\/www.alliedmobility.com\\\/fr\\\/vacances-dete-pmr-2026-preparez-votre-grand-depart-en-6-semaines-sans-mauvaise-surprise\\\/#primaryimage\"},\"image\":{\"@id\":\"https:\\\/\\\/www.alliedmobility.com\\\/fr\\\/vacances-dete-pmr-2026-preparez-votre-grand-depart-en-6-semaines-sans-mauvaise-surprise\\\/#primaryimage\"},\"thumbnailUrl\":\"https:\\\/\\\/www.alliedmobility.com\\\/fr\\\/media\\\/vacances-ete-PMR.png\",\"datePublished\":\"2026-06-16T13:45:31+00:00\",\"dateModified\":\"2026-08-05T09:38:33+00:00\",\"description\":\"Pr\u00e9parez vos vacances d'\u00e9t\u00e9 PMR avec notre guide : canicule, autonomie, bornes de recharge accessibles et h\u00f4tels PMR. Partez l'esprit libre cet \u00e9t\u00e9 en famille.\",\"breadcrumb\":{\"@id\":\"https:\\\/\\\/www.alliedmobility.com\\\/fr\\\/vacances-dete-pmr-2026-preparez-votre-grand-depart-en-6-semaines-sans-mauvaise-surprise\\\/#breadcrumb\"},\"inLanguage\":\"fr-FR\",\"potentialAction\":[{\"@type\":\"ReadAction\",\"target\":[\"https:\\\/\\\/www.alliedmobility.com\\\/fr\\\/vacances-dete-pmr-2026-preparez-votre-grand-depart-en-6-semaines-sans-mauvaise-surprise\\\/\"]}]},\"2\":{\"@type\":\"ImageObject\",\"inLanguage\":\"fr-FR\",\"@id\":\"https:\\\/\\\/www.alliedmobility.com\\\/fr\\\/vacances-dete-pmr-2026-preparez-votre-grand-depart-en-6-semaines-sans-mauvaise-surprise\\\/#primaryimage\",\"url\":\"https:\\\/\\\/www.alliedmobility.com\\\/fr\\\/media\\\/vacances-ete-PMR.png\",\"contentUrl\":\"https:\\\/\\\/www.alliedmobility.com\\\/fr\\\/media\\\/vacances-ete-PMR.png\",\"width\":350,\"height\":300,\"caption\":\"Quatre personnes, dont une en fauteuil roulant (PMR), se tiennent debout sur une plage de sable face \u00e0 l'oc\u00e9an, les bras lev\u00e9s, profitant de vacances d'\u00e9t\u00e9 ensoleill\u00e9es sous un ciel bleu parsem\u00e9 de nuages blancs.\"},\"3\":{\"@type\":\"BreadcrumbList\",\"@id\":\"https:\\\/\\\/www.alliedmobility.com\\\/fr\\\/vacances-dete-pmr-2026-preparez-votre-grand-depart-en-6-semaines-sans-mauvaise-surprise\\\/#breadcrumb\",\"itemListElement\":[{\"@type\":\"ListItem\",\"position\":1,\"name\":\"Accueil\",\"item\":\"https:\\\/\\\/www.alliedmobility.com\\\/fr\\\/\"},{\"@type\":\"ListItem\",\"position\":2,\"name\":\"Vacances d&#8217;\u00e9t\u00e9 PMR 2026 : pr\u00e9parez votre grand d\u00e9part en 6 semaines, sans mauvaise surprise\"}],\"inLanguage\":\"fr-FR\"},\"4\":{\"@type\":\"WebSite\",\"@id\":\"https:\\\/\\\/www.alliedmobility.com\\\/fr\\\/#website\",\"url\":\"https:\\\/\\\/www.alliedmobility.com\\\/fr\\\/\",\"name\":\"Allied Mobility France\",\"description\":\"\",\"publisher\":{\"@id\":\"https:\\\/\\\/www.alliedmobility.com\\\/fr\\\/#organization\"},\"potentialAction\":[{\"@type\":\"SearchAction\",\"target\":{\"@type\":\"EntryPoint\",\"urlTemplate\":\"https:\\\/\\\/www.alliedmobility.com\\\/fr\\\/?s={search_term_string}\"},\"query-input\":{\"@type\":\"PropertyValueSpecification\",\"valueRequired\":true,\"valueName\":\"search_term_string\"}}],\"inLanguage\":\"fr-FR\"},\"6\":{\"@type\":\"Person\",\"@id\":\"https:\\\/\\\/www.alliedmobility.com\\\/fr\\\/#\\\/schema\\\/person\\\/d16a5868b9a712c63a9a05435218f270\",\"name\":\"Laura\",\"image\":{\"@type\":\"ImageObject\",\"inLanguage\":\"en-GB\",\"@id\":\"https:\\\/\\\/secure.gravatar.com\\\/avatar\\\/80ab39c7eeba6d38815227bf1c99f32707e3579d2175172d964983747cd59074?s=96&d=mm&r=g\",\"url\":\"https:\\\/\\\/secure.gravatar.com\\\/avatar\\\/80ab39c7eeba6d38815227bf1c99f32707e3579d2175172d964983747cd59074?s=96&d=mm&r=g\",\"contentUrl\":\"https:\\\/\\\/secure.gravatar.com\\\/avatar\\\/80ab39c7eeba6d38815227bf1c99f32707e3579d2175172d964983747cd59074?s=96&d=mm&r=g\",\"caption\":\"Laura\"},\"inLanguage\":\"fr-FR\"}}}<\/script>\n<!-- \/ Yoast SEO plugin. -->","yoast_head_json":{"title":"Vacances \u00e9t\u00e9 PMR 2026 : le guide pour partir serein","description":"Pr\u00e9parez vos vacances d'\u00e9t\u00e9 PMR avec notre guide : canicule, autonomie, bornes de recharge accessibles et h\u00f4tels PMR. Partez l'esprit libre cet \u00e9t\u00e9 en famille.","robots":{"index":"index","follow":"follow","max-snippet":"max-snippet:-1","max-image-preview":"max-image-preview:large","max-video-preview":"max-video-preview:-1"},"canonical":"https:\/\/www.alliedmobility.com\/fr\/vacances-dete-pmr-2026-preparez-votre-grand-depart-en-6-semaines-sans-mauvaise-surprise\/","og_locale":"fr-FR","og_type":"article","og_title":"Vacances \u00e9t\u00e9 PMR 2026 : le guide pour partir serein","og_description":"Pr\u00e9parez vos vacances d'\u00e9t\u00e9 PMR avec notre guide : canicule, autonomie, bornes de recharge accessibles et h\u00f4tels PMR. Partez l'esprit libre cet \u00e9t\u00e9 en famille.","og_url":"https:\/\/www.alliedmobility.com\/fr\/vacances-dete-pmr-2026-preparez-votre-grand-depart-en-6-semaines-sans-mauvaise-surprise\/","og_site_name":"Allied Mobility France","article_published_time":"2026-06-16T13:45:31+00:00","article_modified_time":"2026-08-05T09:38:33+00:00","og_image":[{"width":350,"height":300,"url":"https:\/\/www.alliedmobility.com\/fr\/media\/vacances-ete-PMR.png","type":"image\/png"}],"author":"Laura","twitter_card":"summary_large_image","twitter_misc":{"Written by":"Laura","Estimated reading time":"7 minutes"},"schema":{"@context":"https:\/\/schema.org","@graph":{"0":{"@type":"Article","@id":"https:\/\/www.alliedmobility.com\/fr\/vacances-dete-pmr-2026-preparez-votre-grand-depart-en-6-semaines-sans-mauvaise-surprise\/#article","isPartOf":{"@id":"https:\/\/www.alliedmobility.com\/fr\/vacances-dete-pmr-2026-preparez-votre-grand-depart-en-6-semaines-sans-mauvaise-surprise\/"},"author":{"name":"Laura","@id":"https:\/\/www.alliedmobility.com\/fr\/#\/schema\/person\/d16a5868b9a712c63a9a05435218f270"},"headline":"Vacances d&#8217;\u00e9t\u00e9 PMR 2026 : pr\u00e9parez votre grand d\u00e9part en 6 semaines, sans mauvaise surprise","datePublished":"2026-06-16T13:45:31+00:00","dateModified":"2026-08-05T09:38:33+00:00","mainEntityOfPage":{"@id":"https:\/\/www.alliedmobility.com\/fr\/vacances-dete-pmr-2026-preparez-votre-grand-depart-en-6-semaines-sans-mauvaise-surprise\/"},"wordCount":15,"publisher":{"@id":"https:\/\/www.alliedmobility.com\/fr\/#organization"},"image":{"@id":"https:\/\/www.alliedmobility.com\/fr\/vacances-dete-pmr-2026-preparez-votre-grand-depart-en-6-semaines-sans-mauvaise-surprise\/#primaryimage"},"thumbnailUrl":"https:\/\/www.alliedmobility.com\/fr\/media\/vacances-ete-PMR.png","articleSection":["Nouvelles"],"inLanguage":"fr-FR"},"1":{"@type":"WebPage","@id":"https:\/\/www.alliedmobility.com\/fr\/vacances-dete-pmr-2026-preparez-votre-grand-depart-en-6-semaines-sans-mauvaise-surprise\/","url":"https:\/\/www.alliedmobility.com\/fr\/vacances-dete-pmr-2026-preparez-votre-grand-depart-en-6-semaines-sans-mauvaise-surprise\/","name":"Vacances \u00e9t\u00e9 PMR 2026 : le guide pour partir serein","isPartOf":{"@id":"https:\/\/www.alliedmobility.com\/fr\/#website"},"primaryImageOfPage":{"@id":"https:\/\/www.alliedmobility.com\/fr\/vacances-dete-pmr-2026-preparez-votre-grand-depart-en-6-semaines-sans-mauvaise-surprise\/#primaryimage"},"image":{"@id":"https:\/\/www.alliedmobility.com\/fr\/vacances-dete-pmr-2026-preparez-votre-grand-depart-en-6-semaines-sans-mauvaise-surprise\/#primaryimage"},"thumbnailUrl":"https:\/\/www.alliedmobility.com\/fr\/media\/vacances-ete-PMR.png","datePublished":"2026-06-16T13:45:31+00:00","dateModified":"2026-08-05T09:38:33+00:00","description":"Pr\u00e9parez vos vacances d'\u00e9t\u00e9 PMR avec notre guide : canicule, autonomie, bornes de recharge accessibles et h\u00f4tels PMR. Partez l'esprit libre cet \u00e9t\u00e9 en famille.","breadcrumb":{"@id":"https:\/\/www.alliedmobility.com\/fr\/vacances-dete-pmr-2026-preparez-votre-grand-depart-en-6-semaines-sans-mauvaise-surprise\/#breadcrumb"},"inLanguage":"fr-FR","potentialAction":[{"@type":"ReadAction","target":["https:\/\/www.alliedmobility.com\/fr\/vacances-dete-pmr-2026-preparez-votre-grand-depart-en-6-semaines-sans-mauvaise-surprise\/"]}]},"2":{"@type":"ImageObject","inLanguage":"fr-FR","@id":"https:\/\/www.alliedmobility.com\/fr\/vacances-dete-pmr-2026-preparez-votre-grand-depart-en-6-semaines-sans-mauvaise-surprise\/#primaryimage","url":"https:\/\/www.alliedmobility.com\/fr\/media\/vacances-ete-PMR.png","contentUrl":"https:\/\/www.alliedmobility.com\/fr\/media\/vacances-ete-PMR.png","width":350,"height":300,"caption":"Quatre personnes, dont une en fauteuil roulant (PMR), se tiennent debout sur une plage de sable face \u00e0 l'oc\u00e9an, les bras lev\u00e9s, profitant de vacances d'\u00e9t\u00e9 ensoleill\u00e9es sous un ciel bleu parsem\u00e9 de nuages blancs."},"3":{"@type":"BreadcrumbList","@id":"https:\/\/www.alliedmobility.com\/fr\/vacances-dete-pmr-2026-preparez-votre-grand-depart-en-6-semaines-sans-mauvaise-surprise\/#breadcrumb","itemListElement":[{"@type":"ListItem","position":1,"name":"Accueil","item":"https:\/\/www.alliedmobility.com\/fr\/"},{"@type":"ListItem","position":2,"name":"Vacances d&#8217;\u00e9t\u00e9 PMR 2026 : pr\u00e9parez votre grand d\u00e9part en 6 semaines, sans mauvaise surprise"}],"inLanguage":"fr-FR"},"4":{"@type":"WebSite","@id":"https:\/\/www.alliedmobility.com\/fr\/#website","url":"https:\/\/www.alliedmobility.com\/fr\/","name":"Allied Mobility France","description":"","publisher":{"@id":"https:\/\/www.alliedmobility.com\/fr\/#organization"},"potentialAction":[{"@type":"SearchAction","target":{"@type":"EntryPoint","urlTemplate":"https:\/\/www.alliedmobility.com\/fr\/?s={search_term_string}"},"query-input":{"@type":"PropertyValueSpecification","valueRequired":true,"valueName":"search_term_string"}}],"inLanguage":"fr-FR"},"6":{"@type":"Person","@id":"https:\/\/www.alliedmobility.com\/fr\/#\/schema\/person\/d16a5868b9a712c63a9a05435218f270","name":"Laura","image":{"@type":"ImageObject","inLanguage":"en-GB","@id":"https:\/\/secure.gravatar.com\/avatar\/80ab39c7eeba6d38815227bf1c99f32707e3579d2175172d964983747cd59074?s=96&d=mm&r=g","url":"https:\/\/secure.gravatar.com\/avatar\/80ab39c7eeba6d38815227bf1c99f32707e3579d2175172d964983747cd59074?s=96&d=mm&r=g","contentUrl":"https:\/\/secure.gravatar.com\/avatar\/80ab39c7eeba6d38815227bf1c99f32707e3579d2175172d964983747cd59074?s=96&d=mm&r=g","caption":"Laura"},"inLanguage":"fr-FR"}}}},"_links":{"self":[{"href":"https:\/\/www.alliedmobility.com\/fr\/wp-json\/wp\/v2\/posts\/20430","targetHints":{"allow":["GET"]}}],"collection":[{"href":"https:\/\/www.alliedmobility.com\/fr\/wp-json\/wp\/v2\/posts"}],"about":[{"href":"https:\/\/www.alliedmobility.com\/fr\/wp-json\/wp\/v2\/types\/post"}],"author":[{"embeddable":true,"href":"https:\/\/www.alliedmobility.com\/fr\/wp-json\/wp\/v2\/users\/22"}],"replies":[{"embeddable":true,"href":"https:\/\/www.alliedmobility.com\/fr\/wp-json\/wp\/v2\/comments?post=20430"}],"version-history":[{"count":4,"href":"https:\/\/www.alliedmobility.com\/fr\/wp-json\/wp\/v2\/posts\/20430\/revisions"}],"predecessor-version":[{"id":20449,"href":"https:\/\/www.alliedmobility.com\/fr\/wp-json\/wp\/v2\/posts\/20430\/revisions\/20449"}],"wp:featuredmedia":[{"embeddable":true,"href":"https:\/\/www.alliedmobility.com\/fr\/wp-json\/wp\/v2\/media\/20434"}],"wp:attachment":[{"href":"https:\/\/www.alliedmobility.com\/fr\/wp-json\/wp\/v2\/media?parent=20430"}],"wp:term":[{"taxonomy":"category","embeddable":true,"href":"https:\/\/www.alliedmobility.com\/fr\/wp-json\/wp\/v2\/categories?post=20430"},{"taxonomy":"post_tag","embeddable":true,"href":"https:\/\/www.alliedmobility.com\/fr\/wp-json\/wp\/v2\/tags?post=20430"}],"curies":[{"name":"wp","href":"https:\/\/api.w.org\/{rel}","templated":true}]}}