{"id":20450,"date":"2026-06-30T11:37:11","date_gmt":"2026-06-30T11:37:11","guid":{"rendered":"https:\/\/www.alliedmobility.com\/fr\/?p=20450"},"modified":"2026-08-05T09:38:21","modified_gmt":"2026-08-05T09:38:21","slug":"peugeot-rifter-ehorizon-voiture-electrique-handicape","status":"publish","type":"post","link":"https:\/\/www.alliedmobility.com\/fr\/peugeot-rifter-ehorizon-voiture-electrique-handicape\/","title":{"rendered":"Peugeot Rifter eHorizon: cet \u00e9t\u00e9, l&#8217;\u00e9lectrique tient enfin ses promesses sur l&#8217;autoroute"},"content":{"rendered":"","protected":false},"excerpt":{"rendered":"","protected":false},"author":22,"featured_media":20477,"comment_status":"closed","ping_status":"closed","sticky":false,"template":"","format":"standard","meta":{"_acf_changed":false,"inline_featured_image":false,"footnotes":""},"categories":[1],"tags":[],"class_list":["post-20450","post","type-post","status-publish","format-standard","has-post-thumbnail","hentry","category-nouvelles"],"acf":[],"yoast_head":"<!-- This site is optimized with the Yoast SEO plugin v28.4 - https:\/\/yoast.com\/product\/yoast-seo-wordpress\/ -->\n<title>Peugeot Rifter eHorizon\u2122 | Peugeot handicap\u00e9 | Allied Mobility<\/title>\n<meta name=\"description\" content=\"270 km d&#039;autonomie, charge rapide en 25 min, co\u00fbts divis\u00e9s par 3 : le Rifter eHorizon\u2122 est enfin la Peugeot handicap\u00e9e qui lib\u00e8re votre \u00e9t\u00e9 en famille.\" \/>\n<meta name=\"robots\" content=\"index, follow, max-snippet:-1, max-image-preview:large, max-video-preview:-1\" \/>\n<link rel=\"canonical\" href=\"https:\/\/www.alliedmobility.com\/fr\/peugeot-rifter-ehorizon-voiture-electrique-handicape\/\" \/>\n<meta property=\"og:locale\" content=\"fr-FR\" \/>\n<meta property=\"og:type\" content=\"article\" \/>\n<meta property=\"og:title\" content=\"Peugeot Rifter eHorizon\u2122 | Peugeot handicap\u00e9 | Allied Mobility\" \/>\n<meta property=\"og:description\" content=\"270 km d&#039;autonomie, charge rapide en 25 min, co\u00fbts divis\u00e9s par 3 : le Rifter eHorizon\u2122 est enfin la Peugeot handicap\u00e9e qui lib\u00e8re votre \u00e9t\u00e9 en famille.\" \/>\n<meta property=\"og:url\" content=\"https:\/\/www.alliedmobility.com\/fr\/peugeot-rifter-ehorizon-voiture-electrique-handicape\/\" \/>\n<meta property=\"og:site_name\" content=\"Allied Mobility France\" \/>\n<meta property=\"article:published_time\" content=\"2026-06-30T11:37:11+00:00\" \/>\n<meta property=\"article:modified_time\" content=\"2026-08-05T09:38:21+00:00\" \/>\n<meta property=\"og:image\" content=\"https:\/\/www.alliedmobility.com\/fr\/media\/Peugeot-Rifter-eHorizon.jpg\" \/>\n\t<meta property=\"og:image:width\" content=\"350\" \/>\n\t<meta property=\"og:image:height\" content=\"300\" \/>\n\t<meta property=\"og:image:type\" content=\"image\/jpeg\" \/>\n<meta name=\"author\" content=\"Laura\" \/>\n<meta name=\"twitter:card\" content=\"summary_large_image\" \/>\n<meta name=\"twitter:label1\" content=\"Written by\" \/>\n\t<meta name=\"twitter:data1\" content=\"Laura\" \/>\n\t<meta name=\"twitter:label2\" content=\"Estimated reading time\" \/>\n\t<meta name=\"twitter:data2\" content=\"6 minutes\" \/>\n<script type=\"application\/ld+json\" class=\"yoast-schema-graph\">{\"@context\":\"https:\\\/\\\/schema.org\",\"@graph\":{\"0\":{\"@type\":\"Article\",\"@id\":\"https:\\\/\\\/www.alliedmobility.com\\\/fr\\\/peugeot-rifter-ehorizon-voiture-electrique-handicape\\\/#article\",\"isPartOf\":{\"@id\":\"https:\\\/\\\/www.alliedmobility.com\\\/fr\\\/peugeot-rifter-ehorizon-voiture-electrique-handicape\\\/\"},\"author\":{\"name\":\"Laura\",\"@id\":\"https:\\\/\\\/www.alliedmobility.com\\\/fr\\\/#\\\/schema\\\/person\\\/d16a5868b9a712c63a9a05435218f270\"},\"headline\":\"Peugeot Rifter eHorizon: cet \u00e9t\u00e9, l&#8217;\u00e9lectrique tient enfin ses promesses sur l&#8217;autoroute\",\"datePublished\":\"2026-06-30T11:37:11+00:00\",\"dateModified\":\"2026-08-05T09:38:21+00:00\",\"mainEntityOfPage\":{\"@id\":\"https:\\\/\\\/www.alliedmobility.com\\\/fr\\\/peugeot-rifter-ehorizon-voiture-electrique-handicape\\\/\"},\"wordCount\":14,\"publisher\":{\"@id\":\"https:\\\/\\\/www.alliedmobility.com\\\/fr\\\/#organization\"},\"image\":{\"@id\":\"https:\\\/\\\/www.alliedmobility.com\\\/fr\\\/peugeot-rifter-ehorizon-voiture-electrique-handicape\\\/#primaryimage\"},\"thumbnailUrl\":\"https:\\\/\\\/www.alliedmobility.com\\\/fr\\\/media\\\/Peugeot-Rifter-eHorizon.jpg\",\"articleSection\":[\"Nouvelles\"],\"inLanguage\":\"fr-FR\"},\"1\":{\"@type\":\"WebPage\",\"@id\":\"https:\\\/\\\/www.alliedmobility.com\\\/fr\\\/peugeot-rifter-ehorizon-voiture-electrique-handicape\\\/\",\"url\":\"https:\\\/\\\/www.alliedmobility.com\\\/fr\\\/peugeot-rifter-ehorizon-voiture-electrique-handicape\\\/\",\"name\":\"Peugeot Rifter eHorizon\u2122 | Peugeot handicap\u00e9 | Allied Mobility\",\"isPartOf\":{\"@id\":\"https:\\\/\\\/www.alliedmobility.com\\\/fr\\\/#website\"},\"primaryImageOfPage\":{\"@id\":\"https:\\\/\\\/www.alliedmobility.com\\\/fr\\\/peugeot-rifter-ehorizon-voiture-electrique-handicape\\\/#primaryimage\"},\"image\":{\"@id\":\"https:\\\/\\\/www.alliedmobility.com\\\/fr\\\/peugeot-rifter-ehorizon-voiture-electrique-handicape\\\/#primaryimage\"},\"thumbnailUrl\":\"https:\\\/\\\/www.alliedmobility.com\\\/fr\\\/media\\\/Peugeot-Rifter-eHorizon.jpg\",\"datePublished\":\"2026-06-30T11:37:11+00:00\",\"dateModified\":\"2026-08-05T09:38:21+00:00\",\"description\":\"270 km d'autonomie, charge rapide en 25 min, co\u00fbts divis\u00e9s par 3 : le Rifter eHorizon\u2122 est enfin la Peugeot handicap\u00e9e qui lib\u00e8re votre \u00e9t\u00e9 en famille.\",\"breadcrumb\":{\"@id\":\"https:\\\/\\\/www.alliedmobility.com\\\/fr\\\/peugeot-rifter-ehorizon-voiture-electrique-handicape\\\/#breadcrumb\"},\"inLanguage\":\"fr-FR\",\"potentialAction\":[{\"@type\":\"ReadAction\",\"target\":[\"https:\\\/\\\/www.alliedmobility.com\\\/fr\\\/peugeot-rifter-ehorizon-voiture-electrique-handicape\\\/\"]}]},\"2\":{\"@type\":\"ImageObject\",\"inLanguage\":\"fr-FR\",\"@id\":\"https:\\\/\\\/www.alliedmobility.com\\\/fr\\\/peugeot-rifter-ehorizon-voiture-electrique-handicape\\\/#primaryimage\",\"url\":\"https:\\\/\\\/www.alliedmobility.com\\\/fr\\\/media\\\/Peugeot-Rifter-eHorizon.jpg\",\"contentUrl\":\"https:\\\/\\\/www.alliedmobility.com\\\/fr\\\/media\\\/Peugeot-Rifter-eHorizon.jpg\",\"width\":350,\"height\":300,\"caption\":\"Une personne branche un c\u00e2ble de recharge sur une Peugeot Rifter eHorizon noire, un v\u00e9hicule \u00e9lectrique souvent choisi parmi les mod\u00e8les Peugeot adapt\u00e9s aux personnes en situation de handicap en raison de ses caract\u00e9ristiques d'accessibilit\u00e9. Le port de recharge de la voiture est ouvert et le nom de la marque est visible au-dessus.\"},\"3\":{\"@type\":\"BreadcrumbList\",\"@id\":\"https:\\\/\\\/www.alliedmobility.com\\\/fr\\\/peugeot-rifter-ehorizon-voiture-electrique-handicape\\\/#breadcrumb\",\"itemListElement\":[{\"@type\":\"ListItem\",\"position\":1,\"name\":\"Accueil\",\"item\":\"https:\\\/\\\/www.alliedmobility.com\\\/fr\\\/\"},{\"@type\":\"ListItem\",\"position\":2,\"name\":\"Peugeot Rifter eHorizon: cet \u00e9t\u00e9, l&#8217;\u00e9lectrique tient enfin ses promesses sur l&#8217;autoroute\"}],\"inLanguage\":\"fr-FR\"},\"4\":{\"@type\":\"WebSite\",\"@id\":\"https:\\\/\\\/www.alliedmobility.com\\\/fr\\\/#website\",\"url\":\"https:\\\/\\\/www.alliedmobility.com\\\/fr\\\/\",\"name\":\"Allied Mobility France\",\"description\":\"\",\"publisher\":{\"@id\":\"https:\\\/\\\/www.alliedmobility.com\\\/fr\\\/#organization\"},\"potentialAction\":[{\"@type\":\"SearchAction\",\"target\":{\"@type\":\"EntryPoint\",\"urlTemplate\":\"https:\\\/\\\/www.alliedmobility.com\\\/fr\\\/?s={search_term_string}\"},\"query-input\":{\"@type\":\"PropertyValueSpecification\",\"valueRequired\":true,\"valueName\":\"search_term_string\"}}],\"inLanguage\":\"fr-FR\"},\"6\":{\"@type\":\"Person\",\"@id\":\"https:\\\/\\\/www.alliedmobility.com\\\/fr\\\/#\\\/schema\\\/person\\\/d16a5868b9a712c63a9a05435218f270\",\"name\":\"Laura\",\"image\":{\"@type\":\"ImageObject\",\"inLanguage\":\"en-GB\",\"@id\":\"https:\\\/\\\/secure.gravatar.com\\\/avatar\\\/80ab39c7eeba6d38815227bf1c99f32707e3579d2175172d964983747cd59074?s=96&d=mm&r=g\",\"url\":\"https:\\\/\\\/secure.gravatar.com\\\/avatar\\\/80ab39c7eeba6d38815227bf1c99f32707e3579d2175172d964983747cd59074?s=96&d=mm&r=g\",\"contentUrl\":\"https:\\\/\\\/secure.gravatar.com\\\/avatar\\\/80ab39c7eeba6d38815227bf1c99f32707e3579d2175172d964983747cd59074?s=96&d=mm&r=g\",\"caption\":\"Laura\"},\"inLanguage\":\"fr-FR\"}}}<\/script>\n<!-- \/ Yoast SEO plugin. -->","yoast_head_json":{"title":"Peugeot Rifter eHorizon\u2122 | Peugeot handicap\u00e9 | Allied Mobility","description":"270 km d'autonomie, charge rapide en 25 min, co\u00fbts divis\u00e9s par 3 : le Rifter eHorizon\u2122 est enfin la Peugeot handicap\u00e9e qui lib\u00e8re votre \u00e9t\u00e9 en famille.","robots":{"index":"index","follow":"follow","max-snippet":"max-snippet:-1","max-image-preview":"max-image-preview:large","max-video-preview":"max-video-preview:-1"},"canonical":"https:\/\/www.alliedmobility.com\/fr\/peugeot-rifter-ehorizon-voiture-electrique-handicape\/","og_locale":"fr-FR","og_type":"article","og_title":"Peugeot Rifter eHorizon\u2122 | Peugeot handicap\u00e9 | Allied Mobility","og_description":"270 km d'autonomie, charge rapide en 25 min, co\u00fbts divis\u00e9s par 3 : le Rifter eHorizon\u2122 est enfin la Peugeot handicap\u00e9e qui lib\u00e8re votre \u00e9t\u00e9 en famille.","og_url":"https:\/\/www.alliedmobility.com\/fr\/peugeot-rifter-ehorizon-voiture-electrique-handicape\/","og_site_name":"Allied Mobility France","article_published_time":"2026-06-30T11:37:11+00:00","article_modified_time":"2026-08-05T09:38:21+00:00","og_image":[{"width":350,"height":300,"url":"https:\/\/www.alliedmobility.com\/fr\/media\/Peugeot-Rifter-eHorizon.jpg","type":"image\/jpeg"}],"author":"Laura","twitter_card":"summary_large_image","twitter_misc":{"Written by":"Laura","Estimated reading time":"6 minutes"},"schema":{"@context":"https:\/\/schema.org","@graph":{"0":{"@type":"Article","@id":"https:\/\/www.alliedmobility.com\/fr\/peugeot-rifter-ehorizon-voiture-electrique-handicape\/#article","isPartOf":{"@id":"https:\/\/www.alliedmobility.com\/fr\/peugeot-rifter-ehorizon-voiture-electrique-handicape\/"},"author":{"name":"Laura","@id":"https:\/\/www.alliedmobility.com\/fr\/#\/schema\/person\/d16a5868b9a712c63a9a05435218f270"},"headline":"Peugeot Rifter eHorizon: cet \u00e9t\u00e9, l&#8217;\u00e9lectrique tient enfin ses promesses sur l&#8217;autoroute","datePublished":"2026-06-30T11:37:11+00:00","dateModified":"2026-08-05T09:38:21+00:00","mainEntityOfPage":{"@id":"https:\/\/www.alliedmobility.com\/fr\/peugeot-rifter-ehorizon-voiture-electrique-handicape\/"},"wordCount":14,"publisher":{"@id":"https:\/\/www.alliedmobility.com\/fr\/#organization"},"image":{"@id":"https:\/\/www.alliedmobility.com\/fr\/peugeot-rifter-ehorizon-voiture-electrique-handicape\/#primaryimage"},"thumbnailUrl":"https:\/\/www.alliedmobility.com\/fr\/media\/Peugeot-Rifter-eHorizon.jpg","articleSection":["Nouvelles"],"inLanguage":"fr-FR"},"1":{"@type":"WebPage","@id":"https:\/\/www.alliedmobility.com\/fr\/peugeot-rifter-ehorizon-voiture-electrique-handicape\/","url":"https:\/\/www.alliedmobility.com\/fr\/peugeot-rifter-ehorizon-voiture-electrique-handicape\/","name":"Peugeot Rifter eHorizon\u2122 | Peugeot handicap\u00e9 | Allied Mobility","isPartOf":{"@id":"https:\/\/www.alliedmobility.com\/fr\/#website"},"primaryImageOfPage":{"@id":"https:\/\/www.alliedmobility.com\/fr\/peugeot-rifter-ehorizon-voiture-electrique-handicape\/#primaryimage"},"image":{"@id":"https:\/\/www.alliedmobility.com\/fr\/peugeot-rifter-ehorizon-voiture-electrique-handicape\/#primaryimage"},"thumbnailUrl":"https:\/\/www.alliedmobility.com\/fr\/media\/Peugeot-Rifter-eHorizon.jpg","datePublished":"2026-06-30T11:37:11+00:00","dateModified":"2026-08-05T09:38:21+00:00","description":"270 km d'autonomie, charge rapide en 25 min, co\u00fbts divis\u00e9s par 3 : le Rifter eHorizon\u2122 est enfin la Peugeot handicap\u00e9e qui lib\u00e8re votre \u00e9t\u00e9 en famille.","breadcrumb":{"@id":"https:\/\/www.alliedmobility.com\/fr\/peugeot-rifter-ehorizon-voiture-electrique-handicape\/#breadcrumb"},"inLanguage":"fr-FR","potentialAction":[{"@type":"ReadAction","target":["https:\/\/www.alliedmobility.com\/fr\/peugeot-rifter-ehorizon-voiture-electrique-handicape\/"]}]},"2":{"@type":"ImageObject","inLanguage":"fr-FR","@id":"https:\/\/www.alliedmobility.com\/fr\/peugeot-rifter-ehorizon-voiture-electrique-handicape\/#primaryimage","url":"https:\/\/www.alliedmobility.com\/fr\/media\/Peugeot-Rifter-eHorizon.jpg","contentUrl":"https:\/\/www.alliedmobility.com\/fr\/media\/Peugeot-Rifter-eHorizon.jpg","width":350,"height":300,"caption":"Une personne branche un c\u00e2ble de recharge sur une Peugeot Rifter eHorizon noire, un v\u00e9hicule \u00e9lectrique souvent choisi parmi les mod\u00e8les Peugeot adapt\u00e9s aux personnes en situation de handicap en raison de ses caract\u00e9ristiques d'accessibilit\u00e9. Le port de recharge de la voiture est ouvert et le nom de la marque est visible au-dessus."},"3":{"@type":"BreadcrumbList","@id":"https:\/\/www.alliedmobility.com\/fr\/peugeot-rifter-ehorizon-voiture-electrique-handicape\/#breadcrumb","itemListElement":[{"@type":"ListItem","position":1,"name":"Accueil","item":"https:\/\/www.alliedmobility.com\/fr\/"},{"@type":"ListItem","position":2,"name":"Peugeot Rifter eHorizon: cet \u00e9t\u00e9, l&#8217;\u00e9lectrique tient enfin ses promesses sur l&#8217;autoroute"}],"inLanguage":"fr-FR"},"4":{"@type":"WebSite","@id":"https:\/\/www.alliedmobility.com\/fr\/#website","url":"https:\/\/www.alliedmobility.com\/fr\/","name":"Allied Mobility France","description":"","publisher":{"@id":"https:\/\/www.alliedmobility.com\/fr\/#organization"},"potentialAction":[{"@type":"SearchAction","target":{"@type":"EntryPoint","urlTemplate":"https:\/\/www.alliedmobility.com\/fr\/?s={search_term_string}"},"query-input":{"@type":"PropertyValueSpecification","valueRequired":true,"valueName":"search_term_string"}}],"inLanguage":"fr-FR"},"6":{"@type":"Person","@id":"https:\/\/www.alliedmobility.com\/fr\/#\/schema\/person\/d16a5868b9a712c63a9a05435218f270","name":"Laura","image":{"@type":"ImageObject","inLanguage":"en-GB","@id":"https:\/\/secure.gravatar.com\/avatar\/80ab39c7eeba6d38815227bf1c99f32707e3579d2175172d964983747cd59074?s=96&d=mm&r=g","url":"https:\/\/secure.gravatar.com\/avatar\/80ab39c7eeba6d38815227bf1c99f32707e3579d2175172d964983747cd59074?s=96&d=mm&r=g","contentUrl":"https:\/\/secure.gravatar.com\/avatar\/80ab39c7eeba6d38815227bf1c99f32707e3579d2175172d964983747cd59074?s=96&d=mm&r=g","caption":"Laura"},"inLanguage":"fr-FR"}}}},"_links":{"self":[{"href":"https:\/\/www.alliedmobility.com\/fr\/wp-json\/wp\/v2\/posts\/20450","targetHints":{"allow":["GET"]}}],"collection":[{"href":"https:\/\/www.alliedmobility.com\/fr\/wp-json\/wp\/v2\/posts"}],"about":[{"href":"https:\/\/www.alliedmobility.com\/fr\/wp-json\/wp\/v2\/types\/post"}],"author":[{"embeddable":true,"href":"https:\/\/www.alliedmobility.com\/fr\/wp-json\/wp\/v2\/users\/22"}],"replies":[{"embeddable":true,"href":"https:\/\/www.alliedmobility.com\/fr\/wp-json\/wp\/v2\/comments?post=20450"}],"version-history":[{"count":4,"href":"https:\/\/www.alliedmobility.com\/fr\/wp-json\/wp\/v2\/posts\/20450\/revisions"}],"predecessor-version":[{"id":20479,"href":"https:\/\/www.alliedmobility.com\/fr\/wp-json\/wp\/v2\/posts\/20450\/revisions\/20479"}],"wp:featuredmedia":[{"embeddable":true,"href":"https:\/\/www.alliedmobility.com\/fr\/wp-json\/wp\/v2\/media\/20477"}],"wp:attachment":[{"href":"https:\/\/www.alliedmobility.com\/fr\/wp-json\/wp\/v2\/media?parent=20450"}],"wp:term":[{"taxonomy":"category","embeddable":true,"href":"https:\/\/www.alliedmobility.com\/fr\/wp-json\/wp\/v2\/categories?post=20450"},{"taxonomy":"post_tag","embeddable":true,"href":"https:\/\/www.alliedmobility.com\/fr\/wp-json\/wp\/v2\/tags?post=20450"}],"curies":[{"name":"wp","href":"https:\/\/api.w.org\/{rel}","templated":true}]}}