{"id":20564,"date":"2026-07-21T13:17:43","date_gmt":"2026-07-21T13:17:43","guid":{"rendered":"https:\/\/www.alliedmobility.com\/fr\/?p=20564"},"modified":"2026-08-05T09:38:08","modified_gmt":"2026-08-05T09:38:08","slug":"ford-tourneo-custom-independence-tpmr","status":"publish","type":"post","link":"https:\/\/www.alliedmobility.com\/fr\/ford-tourneo-custom-independence-tpmr\/","title":{"rendered":"Ford Tourneo Custom Independence: toute la famille part en vacances"},"content":{"rendered":"","protected":false},"excerpt":{"rendered":"","protected":false},"author":22,"featured_media":20567,"comment_status":"closed","ping_status":"closed","sticky":false,"template":"","format":"standard","meta":{"_acf_changed":false,"inline_featured_image":false,"footnotes":""},"categories":[1],"tags":[],"class_list":["post-20564","post","type-post","status-publish","format-standard","has-post-thumbnail","hentry","category-nouvelles"],"acf":[],"yoast_head":"<!-- This site is optimized with the Yoast SEO plugin v28.4 - https:\/\/yoast.com\/product\/yoast-seo-wordpress\/ -->\n<title>Ford Tourneo Custom Independence\u2122 : 7 places pour partir en famille<\/title>\n<meta name=\"description\" content=\"Partez en vacances sans laisser personne derri\u00e8re. Le Ford Tourneo Custom Independence\u2122 offre 7 places + 1 fauteuil roulant et un coffre pour toute la famille.\" \/>\n<meta name=\"robots\" content=\"index, follow, max-snippet:-1, max-image-preview:large, max-video-preview:-1\" \/>\n<link rel=\"canonical\" href=\"https:\/\/www.alliedmobility.com\/fr\/ford-tourneo-custom-independence-tpmr\/\" \/>\n<meta property=\"og:locale\" content=\"fr-FR\" \/>\n<meta property=\"og:type\" content=\"article\" \/>\n<meta property=\"og:title\" content=\"Ford Tourneo Custom Independence\u2122 : 7 places pour partir en famille\" \/>\n<meta property=\"og:description\" content=\"Partez en vacances sans laisser personne derri\u00e8re. Le Ford Tourneo Custom Independence\u2122 offre 7 places + 1 fauteuil roulant et un coffre pour toute la famille.\" \/>\n<meta property=\"og:url\" content=\"https:\/\/www.alliedmobility.com\/fr\/ford-tourneo-custom-independence-tpmr\/\" \/>\n<meta property=\"og:site_name\" content=\"Allied Mobility France\" \/>\n<meta property=\"article:published_time\" content=\"2026-07-21T13:17:43+00:00\" \/>\n<meta property=\"article:modified_time\" content=\"2026-08-05T09:38:08+00:00\" \/>\n<meta property=\"og:image\" content=\"https:\/\/www.alliedmobility.com\/fr\/media\/Ford-Tourneo-Custom-Independence-.jpg\" \/>\n\t<meta property=\"og:image:width\" content=\"350\" \/>\n\t<meta property=\"og:image:height\" content=\"300\" \/>\n\t<meta property=\"og:image:type\" content=\"image\/jpeg\" \/>\n<meta name=\"author\" content=\"Laura\" \/>\n<meta name=\"twitter:card\" content=\"summary_large_image\" \/>\n<meta name=\"twitter:label1\" content=\"Written by\" \/>\n\t<meta name=\"twitter:data1\" content=\"Laura\" \/>\n\t<meta name=\"twitter:label2\" content=\"Estimated reading time\" \/>\n\t<meta name=\"twitter:data2\" content=\"5 minutes\" \/>\n<script type=\"application\/ld+json\" class=\"yoast-schema-graph\">{\"@context\":\"https:\\\/\\\/schema.org\",\"@graph\":{\"0\":{\"@type\":\"Article\",\"@id\":\"https:\\\/\\\/www.alliedmobility.com\\\/fr\\\/ford-tourneo-custom-independence-tpmr\\\/#article\",\"isPartOf\":{\"@id\":\"https:\\\/\\\/www.alliedmobility.com\\\/fr\\\/ford-tourneo-custom-independence-tpmr\\\/\"},\"author\":{\"name\":\"Laura\",\"@id\":\"https:\\\/\\\/www.alliedmobility.com\\\/fr\\\/#\\\/schema\\\/person\\\/d16a5868b9a712c63a9a05435218f270\"},\"headline\":\"Ford Tourneo Custom Independence: toute la famille part en vacances\",\"datePublished\":\"2026-07-21T13:17:43+00:00\",\"dateModified\":\"2026-08-05T09:38:08+00:00\",\"mainEntityOfPage\":{\"@id\":\"https:\\\/\\\/www.alliedmobility.com\\\/fr\\\/ford-tourneo-custom-independence-tpmr\\\/\"},\"wordCount\":10,\"publisher\":{\"@id\":\"https:\\\/\\\/www.alliedmobility.com\\\/fr\\\/#organization\"},\"image\":{\"@id\":\"https:\\\/\\\/www.alliedmobility.com\\\/fr\\\/ford-tourneo-custom-independence-tpmr\\\/#primaryimage\"},\"thumbnailUrl\":\"https:\\\/\\\/www.alliedmobility.com\\\/fr\\\/media\\\/Ford-Tourneo-Custom-Independence-.jpg\",\"articleSection\":[\"Nouvelles\"],\"inLanguage\":\"fr-FR\"},\"1\":{\"@type\":\"WebPage\",\"@id\":\"https:\\\/\\\/www.alliedmobility.com\\\/fr\\\/ford-tourneo-custom-independence-tpmr\\\/\",\"url\":\"https:\\\/\\\/www.alliedmobility.com\\\/fr\\\/ford-tourneo-custom-independence-tpmr\\\/\",\"name\":\"Ford Tourneo Custom Independence\u2122 : 7 places pour partir en famille\",\"isPartOf\":{\"@id\":\"https:\\\/\\\/www.alliedmobility.com\\\/fr\\\/#website\"},\"primaryImageOfPage\":{\"@id\":\"https:\\\/\\\/www.alliedmobility.com\\\/fr\\\/ford-tourneo-custom-independence-tpmr\\\/#primaryimage\"},\"image\":{\"@id\":\"https:\\\/\\\/www.alliedmobility.com\\\/fr\\\/ford-tourneo-custom-independence-tpmr\\\/#primaryimage\"},\"thumbnailUrl\":\"https:\\\/\\\/www.alliedmobility.com\\\/fr\\\/media\\\/Ford-Tourneo-Custom-Independence-.jpg\",\"datePublished\":\"2026-07-21T13:17:43+00:00\",\"dateModified\":\"2026-08-05T09:38:08+00:00\",\"description\":\"Partez en vacances sans laisser personne derri\u00e8re. Le Ford Tourneo Custom Independence\u2122 offre 7 places + 1 fauteuil roulant et un coffre pour toute la famille.\",\"breadcrumb\":{\"@id\":\"https:\\\/\\\/www.alliedmobility.com\\\/fr\\\/ford-tourneo-custom-independence-tpmr\\\/#breadcrumb\"},\"inLanguage\":\"fr-FR\",\"potentialAction\":[{\"@type\":\"ReadAction\",\"target\":[\"https:\\\/\\\/www.alliedmobility.com\\\/fr\\\/ford-tourneo-custom-independence-tpmr\\\/\"]}]},\"2\":{\"@type\":\"ImageObject\",\"inLanguage\":\"fr-FR\",\"@id\":\"https:\\\/\\\/www.alliedmobility.com\\\/fr\\\/ford-tourneo-custom-independence-tpmr\\\/#primaryimage\",\"url\":\"https:\\\/\\\/www.alliedmobility.com\\\/fr\\\/media\\\/Ford-Tourneo-Custom-Independence-.jpg\",\"contentUrl\":\"https:\\\/\\\/www.alliedmobility.com\\\/fr\\\/media\\\/Ford-Tourneo-Custom-Independence-.jpg\",\"width\":350,\"height\":300,\"caption\":\"On voit ici un monospace Ford Independence blanc, d\u00e9riv\u00e9 du Ford Tourneo Custom Independence\u2122, dont la porte arri\u00e8re est ouverte et la rampe d'acc\u00e8s pour fauteuil roulant d\u00e9ploy\u00e9e. La mention \u00ab Ford Independence \u00bb figure sous le v\u00e9hicule.\"},\"3\":{\"@type\":\"BreadcrumbList\",\"@id\":\"https:\\\/\\\/www.alliedmobility.com\\\/fr\\\/ford-tourneo-custom-independence-tpmr\\\/#breadcrumb\",\"itemListElement\":[{\"@type\":\"ListItem\",\"position\":1,\"name\":\"Accueil\",\"item\":\"https:\\\/\\\/www.alliedmobility.com\\\/fr\\\/\"},{\"@type\":\"ListItem\",\"position\":2,\"name\":\"Ford Tourneo Custom Independence: toute la famille part en vacances\"}],\"inLanguage\":\"fr-FR\"},\"4\":{\"@type\":\"WebSite\",\"@id\":\"https:\\\/\\\/www.alliedmobility.com\\\/fr\\\/#website\",\"url\":\"https:\\\/\\\/www.alliedmobility.com\\\/fr\\\/\",\"name\":\"Allied Mobility France\",\"description\":\"\",\"publisher\":{\"@id\":\"https:\\\/\\\/www.alliedmobility.com\\\/fr\\\/#organization\"},\"potentialAction\":[{\"@type\":\"SearchAction\",\"target\":{\"@type\":\"EntryPoint\",\"urlTemplate\":\"https:\\\/\\\/www.alliedmobility.com\\\/fr\\\/?s={search_term_string}\"},\"query-input\":{\"@type\":\"PropertyValueSpecification\",\"valueRequired\":true,\"valueName\":\"search_term_string\"}}],\"inLanguage\":\"fr-FR\"},\"6\":{\"@type\":\"Person\",\"@id\":\"https:\\\/\\\/www.alliedmobility.com\\\/fr\\\/#\\\/schema\\\/person\\\/d16a5868b9a712c63a9a05435218f270\",\"name\":\"Laura\",\"image\":{\"@type\":\"ImageObject\",\"inLanguage\":\"en-GB\",\"@id\":\"https:\\\/\\\/secure.gravatar.com\\\/avatar\\\/80ab39c7eeba6d38815227bf1c99f32707e3579d2175172d964983747cd59074?s=96&d=mm&r=g\",\"url\":\"https:\\\/\\\/secure.gravatar.com\\\/avatar\\\/80ab39c7eeba6d38815227bf1c99f32707e3579d2175172d964983747cd59074?s=96&d=mm&r=g\",\"contentUrl\":\"https:\\\/\\\/secure.gravatar.com\\\/avatar\\\/80ab39c7eeba6d38815227bf1c99f32707e3579d2175172d964983747cd59074?s=96&d=mm&r=g\",\"caption\":\"Laura\"},\"inLanguage\":\"fr-FR\"}}}<\/script>\n<!-- \/ Yoast SEO plugin. -->","yoast_head_json":{"title":"Ford Tourneo Custom Independence\u2122 : 7 places pour partir en famille","description":"Partez en vacances sans laisser personne derri\u00e8re. Le Ford Tourneo Custom Independence\u2122 offre 7 places + 1 fauteuil roulant et un coffre pour toute la famille.","robots":{"index":"index","follow":"follow","max-snippet":"max-snippet:-1","max-image-preview":"max-image-preview:large","max-video-preview":"max-video-preview:-1"},"canonical":"https:\/\/www.alliedmobility.com\/fr\/ford-tourneo-custom-independence-tpmr\/","og_locale":"fr-FR","og_type":"article","og_title":"Ford Tourneo Custom Independence\u2122 : 7 places pour partir en famille","og_description":"Partez en vacances sans laisser personne derri\u00e8re. Le Ford Tourneo Custom Independence\u2122 offre 7 places + 1 fauteuil roulant et un coffre pour toute la famille.","og_url":"https:\/\/www.alliedmobility.com\/fr\/ford-tourneo-custom-independence-tpmr\/","og_site_name":"Allied Mobility France","article_published_time":"2026-07-21T13:17:43+00:00","article_modified_time":"2026-08-05T09:38:08+00:00","og_image":[{"width":350,"height":300,"url":"https:\/\/www.alliedmobility.com\/fr\/media\/Ford-Tourneo-Custom-Independence-.jpg","type":"image\/jpeg"}],"author":"Laura","twitter_card":"summary_large_image","twitter_misc":{"Written by":"Laura","Estimated reading time":"5 minutes"},"schema":{"@context":"https:\/\/schema.org","@graph":{"0":{"@type":"Article","@id":"https:\/\/www.alliedmobility.com\/fr\/ford-tourneo-custom-independence-tpmr\/#article","isPartOf":{"@id":"https:\/\/www.alliedmobility.com\/fr\/ford-tourneo-custom-independence-tpmr\/"},"author":{"name":"Laura","@id":"https:\/\/www.alliedmobility.com\/fr\/#\/schema\/person\/d16a5868b9a712c63a9a05435218f270"},"headline":"Ford Tourneo Custom Independence: toute la famille part en vacances","datePublished":"2026-07-21T13:17:43+00:00","dateModified":"2026-08-05T09:38:08+00:00","mainEntityOfPage":{"@id":"https:\/\/www.alliedmobility.com\/fr\/ford-tourneo-custom-independence-tpmr\/"},"wordCount":10,"publisher":{"@id":"https:\/\/www.alliedmobility.com\/fr\/#organization"},"image":{"@id":"https:\/\/www.alliedmobility.com\/fr\/ford-tourneo-custom-independence-tpmr\/#primaryimage"},"thumbnailUrl":"https:\/\/www.alliedmobility.com\/fr\/media\/Ford-Tourneo-Custom-Independence-.jpg","articleSection":["Nouvelles"],"inLanguage":"fr-FR"},"1":{"@type":"WebPage","@id":"https:\/\/www.alliedmobility.com\/fr\/ford-tourneo-custom-independence-tpmr\/","url":"https:\/\/www.alliedmobility.com\/fr\/ford-tourneo-custom-independence-tpmr\/","name":"Ford Tourneo Custom Independence\u2122 : 7 places pour partir en famille","isPartOf":{"@id":"https:\/\/www.alliedmobility.com\/fr\/#website"},"primaryImageOfPage":{"@id":"https:\/\/www.alliedmobility.com\/fr\/ford-tourneo-custom-independence-tpmr\/#primaryimage"},"image":{"@id":"https:\/\/www.alliedmobility.com\/fr\/ford-tourneo-custom-independence-tpmr\/#primaryimage"},"thumbnailUrl":"https:\/\/www.alliedmobility.com\/fr\/media\/Ford-Tourneo-Custom-Independence-.jpg","datePublished":"2026-07-21T13:17:43+00:00","dateModified":"2026-08-05T09:38:08+00:00","description":"Partez en vacances sans laisser personne derri\u00e8re. Le Ford Tourneo Custom Independence\u2122 offre 7 places + 1 fauteuil roulant et un coffre pour toute la famille.","breadcrumb":{"@id":"https:\/\/www.alliedmobility.com\/fr\/ford-tourneo-custom-independence-tpmr\/#breadcrumb"},"inLanguage":"fr-FR","potentialAction":[{"@type":"ReadAction","target":["https:\/\/www.alliedmobility.com\/fr\/ford-tourneo-custom-independence-tpmr\/"]}]},"2":{"@type":"ImageObject","inLanguage":"fr-FR","@id":"https:\/\/www.alliedmobility.com\/fr\/ford-tourneo-custom-independence-tpmr\/#primaryimage","url":"https:\/\/www.alliedmobility.com\/fr\/media\/Ford-Tourneo-Custom-Independence-.jpg","contentUrl":"https:\/\/www.alliedmobility.com\/fr\/media\/Ford-Tourneo-Custom-Independence-.jpg","width":350,"height":300,"caption":"On voit ici un monospace Ford Independence blanc, d\u00e9riv\u00e9 du Ford Tourneo Custom Independence\u2122, dont la porte arri\u00e8re est ouverte et la rampe d'acc\u00e8s pour fauteuil roulant d\u00e9ploy\u00e9e. La mention \u00ab Ford Independence \u00bb figure sous le v\u00e9hicule."},"3":{"@type":"BreadcrumbList","@id":"https:\/\/www.alliedmobility.com\/fr\/ford-tourneo-custom-independence-tpmr\/#breadcrumb","itemListElement":[{"@type":"ListItem","position":1,"name":"Accueil","item":"https:\/\/www.alliedmobility.com\/fr\/"},{"@type":"ListItem","position":2,"name":"Ford Tourneo Custom Independence: toute la famille part en vacances"}],"inLanguage":"fr-FR"},"4":{"@type":"WebSite","@id":"https:\/\/www.alliedmobility.com\/fr\/#website","url":"https:\/\/www.alliedmobility.com\/fr\/","name":"Allied Mobility France","description":"","publisher":{"@id":"https:\/\/www.alliedmobility.com\/fr\/#organization"},"potentialAction":[{"@type":"SearchAction","target":{"@type":"EntryPoint","urlTemplate":"https:\/\/www.alliedmobility.com\/fr\/?s={search_term_string}"},"query-input":{"@type":"PropertyValueSpecification","valueRequired":true,"valueName":"search_term_string"}}],"inLanguage":"fr-FR"},"6":{"@type":"Person","@id":"https:\/\/www.alliedmobility.com\/fr\/#\/schema\/person\/d16a5868b9a712c63a9a05435218f270","name":"Laura","image":{"@type":"ImageObject","inLanguage":"en-GB","@id":"https:\/\/secure.gravatar.com\/avatar\/80ab39c7eeba6d38815227bf1c99f32707e3579d2175172d964983747cd59074?s=96&d=mm&r=g","url":"https:\/\/secure.gravatar.com\/avatar\/80ab39c7eeba6d38815227bf1c99f32707e3579d2175172d964983747cd59074?s=96&d=mm&r=g","contentUrl":"https:\/\/secure.gravatar.com\/avatar\/80ab39c7eeba6d38815227bf1c99f32707e3579d2175172d964983747cd59074?s=96&d=mm&r=g","caption":"Laura"},"inLanguage":"fr-FR"}}}},"_links":{"self":[{"href":"https:\/\/www.alliedmobility.com\/fr\/wp-json\/wp\/v2\/posts\/20564","targetHints":{"allow":["GET"]}}],"collection":[{"href":"https:\/\/www.alliedmobility.com\/fr\/wp-json\/wp\/v2\/posts"}],"about":[{"href":"https:\/\/www.alliedmobility.com\/fr\/wp-json\/wp\/v2\/types\/post"}],"author":[{"embeddable":true,"href":"https:\/\/www.alliedmobility.com\/fr\/wp-json\/wp\/v2\/users\/22"}],"replies":[{"embeddable":true,"href":"https:\/\/www.alliedmobility.com\/fr\/wp-json\/wp\/v2\/comments?post=20564"}],"version-history":[{"count":2,"href":"https:\/\/www.alliedmobility.com\/fr\/wp-json\/wp\/v2\/posts\/20564\/revisions"}],"predecessor-version":[{"id":20569,"href":"https:\/\/www.alliedmobility.com\/fr\/wp-json\/wp\/v2\/posts\/20564\/revisions\/20569"}],"wp:featuredmedia":[{"embeddable":true,"href":"https:\/\/www.alliedmobility.com\/fr\/wp-json\/wp\/v2\/media\/20567"}],"wp:attachment":[{"href":"https:\/\/www.alliedmobility.com\/fr\/wp-json\/wp\/v2\/media?parent=20564"}],"wp:term":[{"taxonomy":"category","embeddable":true,"href":"https:\/\/www.alliedmobility.com\/fr\/wp-json\/wp\/v2\/categories?post=20564"},{"taxonomy":"post_tag","embeddable":true,"href":"https:\/\/www.alliedmobility.com\/fr\/wp-json\/wp\/v2\/tags?post=20564"}],"curies":[{"name":"wp","href":"https:\/\/api.w.org\/{rel}","templated":true}]}}