{"id":20914,"date":"2026-09-01T08:15:50","date_gmt":"2026-09-01T08:15:50","guid":{"rendered":"https:\/\/www.alliedmobility.com\/fr\/?p=20914"},"modified":"2026-09-01T08:15:50","modified_gmt":"2026-09-01T08:15:50","slug":"rentree-scolaire-handicap-2026-mobilite","status":"publish","type":"post","link":"https:\/\/www.alliedmobility.com\/fr\/rentree-scolaire-handicap-2026-mobilite\/","title":{"rendered":"Rentr\u00e9e scolaire handicap 2026 : une mobilit\u00e9 sereine, port\u00e9e par la Semaine Europ\u00e9enne de la Mobilit\u00e9"},"content":{"rendered":"<p><span data-contrast=\"auto\">Cartable,\u00a0emploi\u00a0du temps, nouveaux\u00a0enseignants\u00a0: la\u00a0rentr\u00e9e\u00a0scolaire\u00a0s&#8217;accompagne\u00a0toujours\u00a0de son\u00a0lot\u00a0de\u00a0rep\u00e8res\u00a0\u00e0\u00a0retrouver. Pour les\u00a0familles\u00a0concern\u00e9es\u00a0par le handicap, la\u00a0rentr\u00e9e\u00a0scolaire\u00a0handicap\u00a0ajoute\u00a0une\u00a0dimension\u00a0suppl\u00e9mentaire\u00a0\u00e0\u00a0organiser,\u00a0celle\u00a0du\u00a0trajet\u00a0quotidien\u00a0entre la maison et\u00a0l&#8217;\u00e9cole. Cette\u00a0ann\u00e9e,\u00a0cette\u00a0question\u00a0r\u00e9sonne\u00a0particuli\u00e8rement\u00a0avec la\u00a0<\/span><a href=\"https:\/\/mobilityweek.eu\/home\/\" target=\"_blank\" rel=\"noopener\"><span data-contrast=\"none\">Semaine Europ\u00e9enne de la Mobilit\u00e9<\/span><\/a><span data-contrast=\"auto\">, qui se\u00a0tient\u00a0du 16 au 22\u00a0septembre\u00a02026 sur le\u00a0th\u00e8me\u00a0\u00ab Mobility for Everyone \u00bb,\u00a0une\u00a0mobilit\u00e9\u00a0pour\u00a0tous.<\/span><span data-ccp-props=\"{&quot;335559739&quot;:200}\">\u00a0<\/span><\/p>\n<h2 data-ccp-border-between=\"0px none #000000\" data-ccp-padding-between=\"0px\" aria-level=\"2\"><span data-contrast=\"none\">Rentr\u00e9e\u00a0scolaire\u00a0handicap :\u00a0les\u00a0rep\u00e8res\u00a0\u00e0 ne pas\u00a0manquer<\/span><span data-ccp-props=\"{&quot;134245417&quot;:true,&quot;134245418&quot;:false,&quot;134245529&quot;:false,&quot;201341983&quot;:0,&quot;335551550&quot;:1,&quot;335551620&quot;:1,&quot;335557856&quot;:4278190080,&quot;335559685&quot;:0,&quot;335559731&quot;:0,&quot;335559737&quot;:0,&quot;335559738&quot;:200,&quot;335559739&quot;:160,&quot;335559740&quot;:240,&quot;335572071&quot;:0,&quot;335572072&quot;:0,&quot;335572073&quot;:4278190080,&quot;335572075&quot;:0,&quot;335572076&quot;:0,&quot;335572077&quot;:4278190080,&quot;335572079&quot;:0,&quot;335572080&quot;:0,&quot;335572081&quot;:4278190080,&quot;335572083&quot;:0,&quot;335572084&quot;:0,&quot;335572085&quot;:4278190080,&quot;335572087&quot;:0,&quot;335572088&quot;:0,&quot;335572089&quot;:4278190080,&quot;469789798&quot;:&quot;nil&quot;,&quot;469789802&quot;:&quot;nil&quot;,&quot;469789806&quot;:&quot;nil&quot;,&quot;469789810&quot;:&quot;nil&quot;,&quot;469789814&quot;:&quot;nil&quot;}\">\u00a0<\/span><\/h2>\n<p><span data-contrast=\"auto\">Une\u00a0rentr\u00e9e\u00a0scolaire\u00a0handicap\u00a0r\u00e9ussie\u00a0repose\u00a0souvent\u00a0sur\u00a0quelques\u00a0d\u00e9marches\u00a0administratives\u00a0cl\u00e9s. Le dossier\u00a0d\u00e9pos\u00e9\u00a0aupr\u00e8s\u00a0de la MDPH,\u00a0comprenant\u00a0le\u00a0formulaire\u00a0Cerfa, le\u00a0certificat\u00a0m\u00e9dical\u00a0et le GEVA-Sco\u00a0rempli\u00a0par\u00a0l&#8217;\u00e9quipe\u00a0\u00e9ducative,\u00a0permet\u00a0de demander\u00a0en\u00a0une\u00a0seule\u00a0fois\u00a0l&#8217;AEEH\u00a0(Allocation\u00a0d&#8217;\u00c9ducation\u00a0de\u00a0l&#8217;Enfant\u00a0Handicap\u00e9), la PCH et les\u00a0mesures\u00a0de\u00a0scolarit\u00e9\u00a0utiles\u00a0\u00e0\u00a0l&#8217;enfant.<\/span><span data-ccp-props=\"{&quot;335559739&quot;:200}\">\u00a0<\/span><\/p>\n<p><span data-contrast=\"auto\">L&#8217;accompagnement\u00a0humain\u00a0compte tout\u00a0autant\u00a0: un\u00a0<\/span><span data-contrast=\"auto\">AESH<\/span><span data-contrast=\"auto\">\u00a0(Accompagnant\u00a0des\u00a0\u00c9l\u00e8ves\u00a0en\u00a0Situation de Handicap)\u00a0peut\u00a0faciliter\u00a0l&#8217;autonomie\u00a0de\u00a0l&#8217;enfant\u00a0dans les\u00a0apprentissages\u00a0comme\u00a0dans les temps de vie\u00a0scolaire. Si\u00a0votre\u00a0dossier est encore\u00a0en\u00a0cours\u00a0d&#8217;instruction\u00a0en\u00a0ce\u00a0d\u00e9but\u00a0septembre,\u00a0sachez\u00a0que\u00a0les d\u00e9marches\u00a0restent\u00a0possibles toute\u00a0l&#8217;ann\u00e9e\u00a0scolaire, avec un\u00a0accompagnement\u00a0mis\u00a0en\u00a0place\u00a0d\u00e8s\u00a0que\u00a0la notification est\u00a0d\u00e9livr\u00e9e.<\/span><span data-ccp-props=\"{&quot;335559739&quot;:200}\">\u00a0<\/span><\/p>\n<h2 data-ccp-border-between=\"0px none #000000\" data-ccp-padding-between=\"0px\" aria-level=\"2\"><span data-contrast=\"none\">La\u00a0Semaine\u00a0Europ\u00e9enne\u00a0de la\u00a0Mobilit\u00e9, un coup de\u00a0projecteur\u00a0sur\u00a0l&#8217;accessibilit\u00e9<\/span><span data-ccp-props=\"{&quot;134245417&quot;:true,&quot;134245418&quot;:false,&quot;134245529&quot;:false,&quot;201341983&quot;:0,&quot;335551550&quot;:1,&quot;335551620&quot;:1,&quot;335557856&quot;:4278190080,&quot;335559685&quot;:0,&quot;335559731&quot;:0,&quot;335559737&quot;:0,&quot;335559738&quot;:200,&quot;335559739&quot;:160,&quot;335559740&quot;:240,&quot;335572071&quot;:0,&quot;335572072&quot;:0,&quot;335572073&quot;:4278190080,&quot;335572075&quot;:0,&quot;335572076&quot;:0,&quot;335572077&quot;:4278190080,&quot;335572079&quot;:0,&quot;335572080&quot;:0,&quot;335572081&quot;:4278190080,&quot;335572083&quot;:0,&quot;335572084&quot;:0,&quot;335572085&quot;:4278190080,&quot;335572087&quot;:0,&quot;335572088&quot;:0,&quot;335572089&quot;:4278190080,&quot;469789798&quot;:&quot;nil&quot;,&quot;469789802&quot;:&quot;nil&quot;,&quot;469789806&quot;:&quot;nil&quot;,&quot;469789810&quot;:&quot;nil&quot;,&quot;469789814&quot;:&quot;nil&quot;}\">\u00a0<\/span><\/h2>\n<p><span data-contrast=\"auto\">Chaque\u00a0ann\u00e9e\u00a0depuis\u00a025\u00a0ans, la\u00a0Semaine\u00a0Europ\u00e9enne\u00a0de la\u00a0Mobilit\u00e9\u00a0f\u00e9d\u00e8re\u00a0citoyens, associations,\u00a0entreprises\u00a0et\u00a0collectivit\u00e9s\u00a0autour\u00a0de solutions de\u00a0d\u00e9placement\u00a0plus durables.\u00a0L&#8217;\u00e9dition\u00a02026, qui se\u00a0d\u00e9roule\u00a0du 16 au 22\u00a0septembre\u00a0sur le\u00a0th\u00e8me\u00a0de\u00a0l&#8217;accessibilit\u00e9\u00a0pour\u00a0toutes\u00a0les\u00a0g\u00e9n\u00e9rations,\u00a0tombe\u00a0\u00e0 point\u00a0nomm\u00e9\u00a0pour rappeler\u00a0une\u00a0\u00e9vidence\u00a0:\u00a0une\u00a0mobilit\u00e9\u00a0vraiment\u00a0durable est\u00a0une\u00a0mobilit\u00e9\u00a0accessible \u00e0\u00a0tous, y\u00a0compris\u00a0aux\u00a0familles\u00a0concern\u00e9es\u00a0par le handicap.<\/span><span data-ccp-props=\"{&quot;335559739&quot;:200}\">\u00a0<\/span><\/p>\n<p><span data-contrast=\"auto\">De\u00a0nombreuses\u00a0collectivit\u00e9s\u00a0et\u00a0\u00e9tablissements\u00a0scolaires\u00a0profitent\u00a0de\u00a0cette\u00a0semaine\u00a0pour\u00a0organiser\u00a0des actions de\u00a0sensibilisation\u00a0autour\u00a0des\u00a0d\u00e9placements\u00a0du\u00a0quotidien. Une belle occasion, \u00e0\u00a0l&#8217;\u00e9chelle\u00a0d&#8217;une\u00a0classe\u00a0ou\u00a0d&#8217;une\u00a0commune, de\u00a0parler\u00a0concr\u00e8tement\u00a0d&#8217;accessibilit\u00e9.<\/span><span data-ccp-props=\"{&quot;335559739&quot;:200}\">\u00a0<\/span><\/p>\n<p><span data-contrast=\"auto\">Pour les\u00a0familles,\u00a0c&#8217;est\u00a0aussi\u00a0un rappel\u00a0bienvenu\u00a0: la\u00a0mobilit\u00e9\u00a0accessible ne\u00a0concerne\u00a0pas\u00a0uniquement\u00a0les grands\u00a0trajets\u00a0de\u00a0vacances. Elle se\u00a0joue\u00a0d&#8217;abord\u00a0dans les\u00a0gestes\u00a0du\u00a0quotidien, le\u00a0trajet\u00a0vers\u00a0l&#8217;\u00e9cole, le retour \u00e0 la maison,\u00a0l&#8217;impr\u00e9vu\u00a0de\u00a0derni\u00e8re\u00a0minute, bien avant les\u00a0longs\u00a0voyages.\u00a0C&#8217;est\u00a0pr\u00e9cis\u00e9ment\u00a0l\u00e0\u00a0que\u00a0le choix d&#8217;un v\u00e9hicule\u00a0adapt\u00e9\u00a0\u00e0 la vie de famille\u00a0prend\u00a0tout son\u00a0sens,\u00a0semaine\u00a0apr\u00e8s\u00a0semaine, et pas\u00a0uniquement\u00a0pendant les\u00a0grandes\u00a0vacances.<\/span><span data-ccp-props=\"{&quot;335559739&quot;:200}\">\u00a0<\/span><\/p>\n<h2 data-ccp-border-between=\"0px none #000000\" data-ccp-padding-between=\"0px\" aria-level=\"2\"><span data-contrast=\"none\">Transport\u00a0scolaire\u00a0adapt\u00e9\u00a0:\u00a0ce\u00a0qu&#8217;il\u00a0faut savoir<\/span><span data-ccp-props=\"{&quot;134245417&quot;:true,&quot;134245418&quot;:false,&quot;134245529&quot;:false,&quot;201341983&quot;:0,&quot;335551550&quot;:1,&quot;335551620&quot;:1,&quot;335557856&quot;:4278190080,&quot;335559685&quot;:0,&quot;335559731&quot;:0,&quot;335559737&quot;:0,&quot;335559738&quot;:200,&quot;335559739&quot;:160,&quot;335559740&quot;:240,&quot;335572071&quot;:0,&quot;335572072&quot;:0,&quot;335572073&quot;:4278190080,&quot;335572075&quot;:0,&quot;335572076&quot;:0,&quot;335572077&quot;:4278190080,&quot;335572079&quot;:0,&quot;335572080&quot;:0,&quot;335572081&quot;:4278190080,&quot;335572083&quot;:0,&quot;335572084&quot;:0,&quot;335572085&quot;:4278190080,&quot;335572087&quot;:0,&quot;335572088&quot;:0,&quot;335572089&quot;:4278190080,&quot;469789798&quot;:&quot;nil&quot;,&quot;469789802&quot;:&quot;nil&quot;,&quot;469789806&quot;:&quot;nil&quot;,&quot;469789810&quot;:&quot;nil&quot;,&quot;469789814&quot;:&quot;nil&quot;}\">\u00a0<\/span><\/h2>\n<p><span data-contrast=\"auto\">Sous\u00a0certaines\u00a0conditions, le conseil\u00a0d\u00e9partemental\u00a0prend\u00a0en\u00a0charge tout\u00a0ou\u00a0partie\u00a0des frais de transport\u00a0sp\u00e9cialis\u00e9\u00a0entre le domicile et\u00a0l&#8217;\u00e9tablissement\u00a0scolaire. Ce\u00a0dispositif\u00a0est\u00a0pr\u00e9cieux,\u00a0mais\u00a0il\u00a0implique\u00a0g\u00e9n\u00e9ralement\u00a0des\u00a0horaires\u00a0fixes et des\u00a0d\u00e9lais\u00a0de\u00a0traitement\u00a0de dossier qui\u00a0varient\u00a0fortement\u00a0d&#8217;un d\u00e9partement \u00e0\u00a0l&#8217;autre.<\/span><span data-ccp-props=\"{&quot;335559739&quot;:200}\">\u00a0<\/span><\/p>\n<p><span data-contrast=\"auto\">Pour les\u00a0trajets\u00a0qui\u00a0sortent\u00a0de\u00a0ce\u00a0cadre, un\u00a0rendez-vous\u00a0m\u00e9dical\u00a0apr\u00e8s les\u00a0cours,\u00a0une\u00a0activit\u00e9\u00a0p\u00e9riscolaire, un\u00a0impr\u00e9vu\u00a0du\u00a0quotidien, de\u00a0nombreuses\u00a0familles\u00a0choisissent\u00a0de\u00a0compl\u00e9ter\u00a0cette\u00a0solution par un v\u00e9hicule personnel\u00a0adapt\u00e9, qui\u00a0redonne\u00a0de la\u00a0souplesse\u00a0l\u00e0\u00a0o\u00f9\u00a0le transport\u00a0scolaire\u00a0adapt\u00e9\u00a0fonctionne\u00a0par\u00a0cr\u00e9neaux\u00a0fixes.<\/span><span data-ccp-props=\"{&quot;335559739&quot;:200}\">\u00a0<\/span><\/p>\n<p><span data-contrast=\"auto\">Autre\u00a0point\u00a0d&#8217;attention\u00a0pour la\u00a0rentr\u00e9e\u00a0scolaire\u00a0handicap :\u00a0les\u00a0d\u00e9lais.\u00a0Certains\u00a0d\u00e9partements ne\u00a0garantissent\u00a0plus\u00a0une\u00a0prise\u00a0en\u00a0charge\u00a0d\u00e8s\u00a0la\u00a0rentr\u00e9e\u00a0si\u00a0la\u00a0demande\u00a0est\u00a0d\u00e9pos\u00e9e\u00a0trop\u00a0tardivement\u00a0dans\u00a0l&#8217;\u00e9t\u00e9. Si\u00a0c&#8217;est\u00a0votre\u00a0cas\u00a0cette\u00a0ann\u00e9e,\u00a0mieux\u00a0vaut\u00a0anticiper\u00a0d\u00e8s\u00a0maintenant\u00a0la\u00a0demande\u00a0pour la\u00a0rentr\u00e9e\u00a02027,\u00a0en\u00a0parall\u00e8le\u00a0de toute solution de transport mise\u00a0en\u00a0place dans\u00a0l&#8217;intervalle.<\/span><span data-ccp-props=\"{&quot;335559739&quot;:200}\">\u00a0<\/span><\/p>\n<h2 data-ccp-border-between=\"0px none #000000\" data-ccp-padding-between=\"0px\" aria-level=\"2\"><span data-contrast=\"none\">Bien\u00a0pr\u00e9parer\u00a0le\u00a0trajet\u00a0domicile-\u00e9cole :\u00a0nos\u00a0conseils pratiques<\/span><span data-ccp-props=\"{&quot;134245417&quot;:true,&quot;134245418&quot;:false,&quot;134245529&quot;:false,&quot;201341983&quot;:0,&quot;335551550&quot;:1,&quot;335551620&quot;:1,&quot;335557856&quot;:4278190080,&quot;335559685&quot;:0,&quot;335559731&quot;:0,&quot;335559737&quot;:0,&quot;335559738&quot;:200,&quot;335559739&quot;:160,&quot;335559740&quot;:240,&quot;335572071&quot;:0,&quot;335572072&quot;:0,&quot;335572073&quot;:4278190080,&quot;335572075&quot;:0,&quot;335572076&quot;:0,&quot;335572077&quot;:4278190080,&quot;335572079&quot;:0,&quot;335572080&quot;:0,&quot;335572081&quot;:4278190080,&quot;335572083&quot;:0,&quot;335572084&quot;:0,&quot;335572085&quot;:4278190080,&quot;335572087&quot;:0,&quot;335572088&quot;:0,&quot;335572089&quot;:4278190080,&quot;469789798&quot;:&quot;nil&quot;,&quot;469789802&quot;:&quot;nil&quot;,&quot;469789806&quot;:&quot;nil&quot;,&quot;469789810&quot;:&quot;nil&quot;,&quot;469789814&quot;:&quot;nil&quot;}\">\u00a0<\/span><\/h2>\n<p><span data-contrast=\"auto\">Quelques\u00a0r\u00e9flexes\u00a0simples\u00a0permettent\u00a0d&#8217;aborder\u00a0chaque\u00a0matin plus\u00a0sereinement\u00a0:<\/span><span data-ccp-props=\"{&quot;335559739&quot;:200}\">\u00a0<\/span><\/p>\n<ul>\n<li aria-setsize=\"-1\" data-leveltext=\"\u25cf\" data-font=\"\" data-listid=\"1\" data-list-defn-props=\"{&quot;335552541&quot;:1,&quot;335559685&quot;:720,&quot;335559991&quot;:360,&quot;469769242&quot;:[8226],&quot;469777803&quot;:&quot;left&quot;,&quot;469777804&quot;:&quot;\u25cf&quot;}\" data-aria-posinset=\"1\" data-aria-level=\"1\"><span data-contrast=\"none\">Anticiper\u00a0les\u00a0horaires\u00a0:\u00a0caler\u00a0le\u00a0d\u00e9part\u00a0pour\u00a0\u00e9viter\u00a0la\u00a0pr\u00e9cipitation,\u00a0en\u00a0particulier\u00a0lors\u00a0des embarquements\u00a0en\u00a0fauteuil\u00a0roulant.<\/span><span data-ccp-props=\"{&quot;134245417&quot;:true,&quot;134245418&quot;:false,&quot;134245529&quot;:false,&quot;201341983&quot;:0,&quot;335551550&quot;:1,&quot;335551620&quot;:1,&quot;335557856&quot;:4278190080,&quot;335559685&quot;:720,&quot;335559737&quot;:0,&quot;335559738&quot;:0,&quot;335559739&quot;:100,&quot;335559740&quot;:240,&quot;335559991&quot;:360,&quot;335572071&quot;:0,&quot;335572072&quot;:0,&quot;335572073&quot;:0,&quot;335572075&quot;:0,&quot;335572076&quot;:0,&quot;335572077&quot;:0,&quot;335572079&quot;:0,&quot;335572080&quot;:0,&quot;335572081&quot;:0,&quot;335572083&quot;:0,&quot;335572084&quot;:0,&quot;335572085&quot;:0,&quot;335572087&quot;:0,&quot;335572088&quot;:0,&quot;335572089&quot;:0,&quot;469789798&quot;:&quot;nil&quot;,&quot;469789802&quot;:&quot;nil&quot;,&quot;469789806&quot;:&quot;nil&quot;,&quot;469789810&quot;:&quot;nil&quot;,&quot;469789814&quot;:&quot;nil&quot;}\">\u00a0<\/span><\/li>\n<\/ul>\n<ul>\n<li aria-setsize=\"-1\" data-leveltext=\"\u25cf\" data-font=\"\" data-listid=\"1\" data-list-defn-props=\"{&quot;335552541&quot;:1,&quot;335559685&quot;:720,&quot;335559991&quot;:360,&quot;469769242&quot;:[8226],&quot;469777803&quot;:&quot;left&quot;,&quot;469777804&quot;:&quot;\u25cf&quot;}\" data-aria-posinset=\"2\" data-aria-level=\"1\"><span data-contrast=\"none\">V\u00e9rifier\u00a0l&#8217;acc\u00e8s\u00a0\u00e0\u00a0l&#8217;\u00e9tablissement\u00a0:\u00a0d\u00e9pose-minute, place\u00a0PMR\u00a0r\u00e9serv\u00e9e,\u00a0cheminement\u00a0jusqu&#8217;\u00e0\u00a0l&#8217;entr\u00e9e.<\/span><span data-ccp-props=\"{&quot;134245417&quot;:true,&quot;134245418&quot;:false,&quot;134245529&quot;:false,&quot;201341983&quot;:0,&quot;335551550&quot;:1,&quot;335551620&quot;:1,&quot;335557856&quot;:4278190080,&quot;335559685&quot;:720,&quot;335559737&quot;:0,&quot;335559738&quot;:0,&quot;335559739&quot;:100,&quot;335559740&quot;:240,&quot;335559991&quot;:360,&quot;335572071&quot;:0,&quot;335572072&quot;:0,&quot;335572073&quot;:0,&quot;335572075&quot;:0,&quot;335572076&quot;:0,&quot;335572077&quot;:0,&quot;335572079&quot;:0,&quot;335572080&quot;:0,&quot;335572081&quot;:0,&quot;335572083&quot;:0,&quot;335572084&quot;:0,&quot;335572085&quot;:0,&quot;335572087&quot;:0,&quot;335572088&quot;:0,&quot;335572089&quot;:0,&quot;469789798&quot;:&quot;nil&quot;,&quot;469789802&quot;:&quot;nil&quot;,&quot;469789806&quot;:&quot;nil&quot;,&quot;469789810&quot;:&quot;nil&quot;,&quot;469789814&quot;:&quot;nil&quot;}\">\u00a0<\/span><\/li>\n<\/ul>\n<ul>\n<li aria-setsize=\"-1\" data-leveltext=\"\u25cf\" data-font=\"\" data-listid=\"1\" data-list-defn-props=\"{&quot;335552541&quot;:1,&quot;335559685&quot;:720,&quot;335559991&quot;:360,&quot;469769242&quot;:[8226],&quot;469777803&quot;:&quot;left&quot;,&quot;469777804&quot;:&quot;\u25cf&quot;}\" data-aria-posinset=\"3\" data-aria-level=\"1\"><span data-contrast=\"none\">Pr\u00e9voir\u00a0un plan\u00a0B :\u00a0en\u00a0cas\u00a0d&#8217;impr\u00e9vu\u00a0(gr\u00e8ve, retard,\u00a0rendez-vous\u00a0m\u00e9dical), disposer de son propre v\u00e9hicule\u00a0adapt\u00e9\u00a0\u00e9vite\u00a0de\u00a0d\u00e9pendre\u00a0d&#8217;une\u00a0seule\u00a0solution de transport.<\/span><span data-ccp-props=\"{&quot;134245417&quot;:true,&quot;134245418&quot;:false,&quot;134245529&quot;:false,&quot;201341983&quot;:0,&quot;335551550&quot;:1,&quot;335551620&quot;:1,&quot;335557856&quot;:4278190080,&quot;335559685&quot;:720,&quot;335559737&quot;:0,&quot;335559738&quot;:0,&quot;335559739&quot;:100,&quot;335559740&quot;:240,&quot;335559991&quot;:360,&quot;335572071&quot;:0,&quot;335572072&quot;:0,&quot;335572073&quot;:0,&quot;335572075&quot;:0,&quot;335572076&quot;:0,&quot;335572077&quot;:0,&quot;335572079&quot;:0,&quot;335572080&quot;:0,&quot;335572081&quot;:0,&quot;335572083&quot;:0,&quot;335572084&quot;:0,&quot;335572085&quot;:0,&quot;335572087&quot;:0,&quot;335572088&quot;:0,&quot;335572089&quot;:0,&quot;469789798&quot;:&quot;nil&quot;,&quot;469789802&quot;:&quot;nil&quot;,&quot;469789806&quot;:&quot;nil&quot;,&quot;469789810&quot;:&quot;nil&quot;,&quot;469789814&quot;:&quot;nil&quot;}\">\u00a0<\/span><\/li>\n<\/ul>\n<ul>\n<li aria-setsize=\"-1\" data-leveltext=\"\u25cf\" data-font=\"\" data-listid=\"1\" data-list-defn-props=\"{&quot;335552541&quot;:1,&quot;335559685&quot;:720,&quot;335559991&quot;:360,&quot;469769242&quot;:[8226],&quot;469777803&quot;:&quot;left&quot;,&quot;469777804&quot;:&quot;\u25cf&quot;}\" data-aria-posinset=\"4\" data-aria-level=\"1\"><span data-contrast=\"none\">Impliquer\u00a0l&#8217;enfant\u00a0: le\u00a0laisser\u00a0participer\u00a0\u00e0\u00a0l&#8217;installation\u00a0dans le v\u00e9hicule,\u00a0quand\u00a0son\u00a0\u00e2ge\u00a0le\u00a0permet,\u00a0renforce\u00a0son\u00a0autonomie\u00a0au fil de\u00a0l&#8217;ann\u00e9e.<\/span><span data-ccp-props=\"{&quot;134245417&quot;:true,&quot;134245418&quot;:false,&quot;134245529&quot;:false,&quot;201341983&quot;:0,&quot;335551550&quot;:1,&quot;335551620&quot;:1,&quot;335557856&quot;:4278190080,&quot;335559685&quot;:720,&quot;335559737&quot;:0,&quot;335559738&quot;:0,&quot;335559739&quot;:100,&quot;335559740&quot;:240,&quot;335559991&quot;:360,&quot;335572071&quot;:0,&quot;335572072&quot;:0,&quot;335572073&quot;:0,&quot;335572075&quot;:0,&quot;335572076&quot;:0,&quot;335572077&quot;:0,&quot;335572079&quot;:0,&quot;335572080&quot;:0,&quot;335572081&quot;:0,&quot;335572083&quot;:0,&quot;335572084&quot;:0,&quot;335572085&quot;:0,&quot;335572087&quot;:0,&quot;335572088&quot;:0,&quot;335572089&quot;:0,&quot;469789798&quot;:&quot;nil&quot;,&quot;469789802&quot;:&quot;nil&quot;,&quot;469789806&quot;:&quot;nil&quot;,&quot;469789810&quot;:&quot;nil&quot;,&quot;469789814&quot;:&quot;nil&quot;}\">\u00a0<\/span><\/li>\n<\/ul>\n<h2 data-ccp-border-between=\"0px none #000000\" data-ccp-padding-between=\"0px\" aria-level=\"2\"><span data-contrast=\"none\">Le WAV\u00a0familial :\u00a0la solution qui\u00a0redonne\u00a0de la\u00a0souplesse\u00a0au\u00a0quotidien<\/span><span data-ccp-props=\"{&quot;134245417&quot;:true,&quot;134245418&quot;:false,&quot;134245529&quot;:false,&quot;201341983&quot;:0,&quot;335551550&quot;:1,&quot;335551620&quot;:1,&quot;335557856&quot;:4278190080,&quot;335559685&quot;:0,&quot;335559731&quot;:0,&quot;335559737&quot;:0,&quot;335559738&quot;:200,&quot;335559739&quot;:160,&quot;335559740&quot;:240,&quot;335572071&quot;:0,&quot;335572072&quot;:0,&quot;335572073&quot;:4278190080,&quot;335572075&quot;:0,&quot;335572076&quot;:0,&quot;335572077&quot;:4278190080,&quot;335572079&quot;:0,&quot;335572080&quot;:0,&quot;335572081&quot;:4278190080,&quot;335572083&quot;:0,&quot;335572084&quot;:0,&quot;335572085&quot;:4278190080,&quot;335572087&quot;:0,&quot;335572088&quot;:0,&quot;335572089&quot;:4278190080,&quot;469789798&quot;:&quot;nil&quot;,&quot;469789802&quot;:&quot;nil&quot;,&quot;469789806&quot;:&quot;nil&quot;,&quot;469789810&quot;:&quot;nil&quot;,&quot;469789814&quot;:&quot;nil&quot;}\">\u00a0<\/span><\/h2>\n<p><span data-contrast=\"auto\">C&#8217;est\u00a0l\u00e0\u00a0qu&#8217;un\u00a0<\/span><a href=\"https:\/\/www.alliedmobility.com\/fr\/vehicule-tpmr-voiture-transport-personnes-mobilite-reduite\/\"><span data-contrast=\"none\">v\u00e9hicule TPMR<\/span><\/a><span data-contrast=\"auto\">\u00a0familial change\u00a0concr\u00e8tement\u00a0la\u00a0donne. Pouvoir\u00a0d\u00e9poser\u00a0son enfant \u00e0\u00a0l&#8217;\u00e9cole\u00a0soi-m\u00eame,\u00a0s&#8217;adapter\u00a0\u00e0 un changement\u00a0d&#8217;horaire\u00a0de\u00a0derni\u00e8re\u00a0minute,\u00a0encha\u00eener\u00a0l&#8217;\u00e9cole\u00a0et un\u00a0rendez-vous chez\u00a0l&#8217;orthophoniste\u00a0sans\u00a0d\u00e9pendre\u00a0d&#8217;un\u00a0service\u00a0de transport aux\u00a0disponibilit\u00e9s\u00a0limit\u00e9es\u00a0:\u00a0c&#8217;est\u00a0exactement\u00a0ce\u00a0que\u00a0permet\u00a0une\u00a0<\/span><span data-contrast=\"auto\">voiture TPMR<\/span><span data-contrast=\"auto\">\u00a0pens\u00e9e pour un usage familial.<\/span><span data-ccp-props=\"{&quot;335559739&quot;:200}\">\u00a0<\/span><\/p>\n<p><span data-contrast=\"auto\">Les\u00a0mod\u00e8les\u00a0de la\u00a0gamme\u00a0Allied Mobility,\u00a0comme\u00a0le\u00a0<\/span><a href=\"https:\/\/www.alliedmobility.com\/fr\/voiture\/ford-connect-freedom\/\"><span data-contrast=\"none\">Ford Connect Freedom&#x2122;<\/span><\/a><span data-contrast=\"auto\">\u00a0ou\u00a0le\u00a0<\/span><a href=\"https:\/\/www.alliedmobility.com\/fr\/voiture\/volkswagen-caddy-vista\/\"><span data-contrast=\"none\">Volkswagen Caddy Vista&#x2122;<\/span><\/a><span data-contrast=\"auto\">,\u00a0offrent\u00a0jusqu&#8217;\u00e0\u00a07 places\u00a0en\u00a0plus de la position fauteuil\u00a0roulant, pour transporter\u00a0l&#8217;enfant\u00a0concern\u00e9\u00a0par le handicap aux\u00a0c\u00f4t\u00e9s\u00a0de\u00a0ses\u00a0fr\u00e8res et\u00a0s\u0153urs, sans\u00a0avoir\u00a0\u00e0\u00a0jongler\u00a0entre\u00a0plusieurs\u00a0v\u00e9hicules. Une\u00a0vraie\u00a0tranquillit\u00e9\u00a0d&#8217;esprit pour les parents, matin apr\u00e8s matin.<\/span><span data-ccp-props=\"{&quot;335559739&quot;:200}\">\u00a0<\/span><\/p>\n<h2 data-ccp-border-between=\"0px none #000000\" data-ccp-padding-between=\"0px\" aria-level=\"2\"><span data-contrast=\"none\">Foire aux questions sur la\u00a0rentr\u00e9e\u00a0scolaire\u00a0handicap<\/span><span data-ccp-props=\"{&quot;134245417&quot;:true,&quot;134245418&quot;:false,&quot;134245529&quot;:false,&quot;201341983&quot;:0,&quot;335551550&quot;:1,&quot;335551620&quot;:1,&quot;335557856&quot;:4278190080,&quot;335559685&quot;:0,&quot;335559731&quot;:0,&quot;335559737&quot;:0,&quot;335559738&quot;:200,&quot;335559739&quot;:160,&quot;335559740&quot;:240,&quot;335572071&quot;:0,&quot;335572072&quot;:0,&quot;335572073&quot;:4278190080,&quot;335572075&quot;:0,&quot;335572076&quot;:0,&quot;335572077&quot;:4278190080,&quot;335572079&quot;:0,&quot;335572080&quot;:0,&quot;335572081&quot;:4278190080,&quot;335572083&quot;:0,&quot;335572084&quot;:0,&quot;335572085&quot;:4278190080,&quot;335572087&quot;:0,&quot;335572088&quot;:0,&quot;335572089&quot;:4278190080,&quot;469789798&quot;:&quot;nil&quot;,&quot;469789802&quot;:&quot;nil&quot;,&quot;469789806&quot;:&quot;nil&quot;,&quot;469789810&quot;:&quot;nil&quot;,&quot;469789814&quot;:&quot;nil&quot;}\">\u00a0<\/span><\/h2>\n<p><b><span data-contrast=\"auto\">Quelles\u00a0aides existent\u00a0pour\u00a0la\u00a0rentr\u00e9e\u00a0scolaire\u00a0d&#8217;un enfant\u00a0handicap\u00e9\u00a0?\u00a0<\/span><\/b><span data-contrast=\"auto\">L&#8217;AEEH et la PCH,\u00a0instruites\u00a0par la MDPH,\u00a0peuvent\u00a0\u00eatre\u00a0demand\u00e9es\u00a0dans un\u00a0m\u00eame\u00a0dossier,\u00a0en\u00a0compl\u00e9ment\u00a0de\u00a0l&#8217;accompagnement\u00a0AESH\u00a0attribu\u00e9\u00a0par\u00a0l&#8217;\u00c9ducation\u00a0nationale.<\/span><span data-ccp-props=\"{&quot;335559739&quot;:200}\">\u00a0<\/span><\/p>\n<p><b><span data-contrast=\"auto\">Comment financer un v\u00e9hicule\u00a0adapt\u00e9\u00a0pour les\u00a0trajets\u00a0scolaires\u00a0?\u00a0<\/span><\/b><span data-contrast=\"auto\">La PCH\u00a0peut\u00a0couvrir\u00a0une\u00a0partie\u00a0du\u00a0surco\u00fbt\u00a0li\u00e9\u00a0\u00e0\u00a0l&#8217;am\u00e9nagement\u00a0d&#8217;un v\u00e9hicule. Allied Mobility\u00a0accompagne\u00a0les\u00a0familles\u00a0dans le montage de\u00a0ce\u00a0dossier\u00a0aupr\u00e8s\u00a0de la\u00a0<\/span><a href=\"https:\/\/www.alliedmobility.com\/fr\/aides-financieres-voiture-pour-fauteuil-roulant\/\"><span data-contrast=\"none\">MDPH<\/span><\/a><span data-contrast=\"auto\">.<\/span><span data-ccp-props=\"{&quot;335559739&quot;:200}\">\u00a0<\/span><\/p>\n<p><b><span data-contrast=\"auto\">Qu&#8217;est-ce\u00a0que\u00a0la\u00a0Semaine\u00a0Europ\u00e9enne\u00a0de la\u00a0Mobilit\u00e9\u00a0?\u00a0<\/span><\/b><span data-contrast=\"auto\">Un\u00a0\u00e9v\u00e9nement\u00a0annuel, du 16 au 22\u00a0septembre\u00a02026, qui\u00a0promeut\u00a0des solutions de\u00a0d\u00e9placement\u00a0durables et\u00a0accessibles\u00a0\u00e0\u00a0tous,\u00a0partout\u00a0en\u00a0Europe.<\/span><span data-ccp-props=\"{&quot;335559739&quot;:200}\">\u00a0<\/span><\/p>\n<p><b><span data-contrast=\"auto\">Faut-il\u00a0attendre\u00a0la notification MDPH pour\u00a0organiser\u00a0le transport\u00a0scolaire\u00a0?\u00a0<\/span><\/b><span data-contrast=\"auto\">Non :\u00a0une\u00a0solution de\u00a0mobilit\u00e9\u00a0personnelle,\u00a0comme\u00a0un v\u00e9hicule TPMR familial,\u00a0peut\u00a0\u00eatre\u00a0mise\u00a0en\u00a0place\u00a0ind\u00e9pendamment\u00a0du\u00a0calendrier\u00a0administratif, le\u00a0temps\u00a0que\u00a0le dossier MDPH soit\u00a0instruit.<\/span><span data-ccp-props=\"{&quot;335559739&quot;:200}\">\u00a0<\/span><\/p>\n<h2 data-ccp-border-between=\"0px none #000000\" data-ccp-padding-between=\"0px\" aria-level=\"2\"><span data-contrast=\"none\">Demandez\u00a0votre\u00a0d\u00e9monstration\u00a0gratuite\u00a0\u00e0 domicile<\/span><span data-ccp-props=\"{&quot;134245417&quot;:true,&quot;134245418&quot;:false,&quot;134245529&quot;:false,&quot;201341983&quot;:0,&quot;335551550&quot;:1,&quot;335551620&quot;:1,&quot;335557856&quot;:4278190080,&quot;335559685&quot;:0,&quot;335559731&quot;:0,&quot;335559737&quot;:0,&quot;335559738&quot;:200,&quot;335559739&quot;:160,&quot;335559740&quot;:240,&quot;335572071&quot;:0,&quot;335572072&quot;:0,&quot;335572073&quot;:4278190080,&quot;335572075&quot;:0,&quot;335572076&quot;:0,&quot;335572077&quot;:4278190080,&quot;335572079&quot;:0,&quot;335572080&quot;:0,&quot;335572081&quot;:4278190080,&quot;335572083&quot;:0,&quot;335572084&quot;:0,&quot;335572085&quot;:4278190080,&quot;335572087&quot;:0,&quot;335572088&quot;:0,&quot;335572089&quot;:4278190080,&quot;469789798&quot;:&quot;nil&quot;,&quot;469789802&quot;:&quot;nil&quot;,&quot;469789806&quot;:&quot;nil&quot;,&quot;469789810&quot;:&quot;nil&quot;,&quot;469789814&quot;:&quot;nil&quot;}\">\u00a0<\/span><\/h2>\n<p><span data-contrast=\"auto\">Chaque\u00a0rentr\u00e9e\u00a0scolaire\u00a0handicap m\u00e9rite d&#8217;\u00eatre\u00a0v\u00e9cue\u00a0sereinement, sans\u00a0que\u00a0la question du\u00a0trajet\u00a0ne\u00a0devienne\u00a0une\u00a0source de stress\u00a0suppl\u00e9mentaire. Nos\u00a0conseillers\u00a0en\u00a0mobilit\u00e9\u00a0se\u00a0d\u00e9placent\u00a0gratuitement\u00a0\u00e0\u00a0votre\u00a0domicile pour vous\u00a0pr\u00e9senter\u00a0le v\u00e9hicule le\u00a0mieux\u00a0adapt\u00e9\u00a0\u00e0\u00a0votre\u00a0quotidien\u00a0familial.<\/span><span data-ccp-props=\"{&quot;335559739&quot;:200}\">\u00a0<\/span><\/p>\n<p><a href=\"https:\/\/www.alliedmobility.com\/fr\/demande-de-renseignements-en-ligne\/\"><span data-contrast=\"none\">Demandez votre d\u00e9monstration gratuite \u00e0 domicile \u2192<\/span><\/a><span data-ccp-props=\"{&quot;335559739&quot;:200}\">\u00a0<\/span><\/p>\n<p><span data-ccp-props=\"{&quot;335559738&quot;:300}\">\u00a0<\/span><\/p>\n","protected":false},"excerpt":{"rendered":"<p>Cartable,\u00a0emploi\u00a0du temps, nouveaux\u00a0enseignants\u00a0: la\u00a0rentr\u00e9e\u00a0scolaire\u00a0s&#8217;accompagne\u00a0toujours\u00a0de son\u00a0lot\u00a0de\u00a0rep\u00e8res\u00a0\u00e0\u00a0retrouver. Pour les\u00a0familles\u00a0concern\u00e9es\u00a0par le handicap, la\u00a0rentr\u00e9e\u00a0scolaire\u00a0handicap\u00a0ajoute\u00a0une\u00a0dimension\u00a0suppl\u00e9mentaire\u00a0\u00e0\u00a0organiser,\u00a0celle\u00a0du\u00a0trajet\u00a0quotidien\u00a0entre la maison et\u00a0l&#8217;\u00e9cole. Cette\u00a0ann\u00e9e,\u00a0cette\u00a0question\u00a0r\u00e9sonne\u00a0particuli\u00e8rement\u00a0avec la\u00a0Semaine Europ\u00e9enne de la Mobilit\u00e9,&#8230;<\/p>\n","protected":false},"author":22,"featured_media":20919,"comment_status":"closed","ping_status":"closed","sticky":false,"template":"","format":"standard","meta":{"_acf_changed":false,"inline_featured_image":false,"footnotes":""},"categories":[1],"tags":[],"class_list":["post-20914","post","type-post","status-publish","format-standard","has-post-thumbnail","hentry","category-nouvelles"],"acf":[],"yoast_head":"<!-- This site is optimized with the Yoast SEO plugin v28.3 - https:\/\/yoast.com\/product\/yoast-seo-wordpress\/ -->\n<title>Rentr\u00e9e scolaire handicap 2026 : une mobilit\u00e9 sereine<\/title>\n<meta name=\"description\" content=\"Rentr\u00e9e scolaire handicap 2026 : aides, transport scolaire adapt\u00e9 et solutions de mobilit\u00e9, en \u00e9cho \u00e0 la Semaine Europ\u00e9enne de la Mobilit\u00e9.\" \/>\n<meta name=\"robots\" content=\"index, follow, max-snippet:-1, max-image-preview:large, max-video-preview:-1\" \/>\n<link rel=\"canonical\" href=\"https:\/\/www.alliedmobility.com\/fr\/rentree-scolaire-handicap-2026-mobilite\/\" \/>\n<meta property=\"og:locale\" content=\"fr-FR\" \/>\n<meta property=\"og:type\" content=\"article\" \/>\n<meta property=\"og:title\" content=\"Rentr\u00e9e scolaire handicap 2026 : une mobilit\u00e9 sereine\" \/>\n<meta property=\"og:description\" content=\"Rentr\u00e9e scolaire handicap 2026 : aides, transport scolaire adapt\u00e9 et solutions de mobilit\u00e9, en \u00e9cho \u00e0 la Semaine Europ\u00e9enne de la Mobilit\u00e9.\" \/>\n<meta property=\"og:url\" content=\"https:\/\/www.alliedmobility.com\/fr\/rentree-scolaire-handicap-2026-mobilite\/\" \/>\n<meta property=\"og:site_name\" content=\"Allied Mobility France\" \/>\n<meta property=\"article:published_time\" content=\"2026-09-01T08:15:50+00:00\" \/>\n<meta property=\"og:image\" content=\"https:\/\/www.alliedmobility.com\/fr\/media\/Rentree-scolaire-handicap.jpg\" \/>\n\t<meta property=\"og:image:width\" content=\"350\" \/>\n\t<meta property=\"og:image:height\" content=\"300\" \/>\n\t<meta property=\"og:image:type\" content=\"image\/jpeg\" \/>\n<meta name=\"author\" content=\"Laura\" \/>\n<meta name=\"twitter:card\" content=\"summary_large_image\" \/>\n<meta name=\"twitter:label1\" content=\"Written by\" \/>\n\t<meta name=\"twitter:data1\" content=\"Laura\" \/>\n\t<meta name=\"twitter:label2\" content=\"Estimated reading time\" \/>\n\t<meta name=\"twitter:data2\" content=\"5 minutes\" \/>\n<script type=\"application\/ld+json\" class=\"yoast-schema-graph\">{\"@context\":\"https:\\\/\\\/schema.org\",\"@graph\":{\"0\":{\"@type\":\"Article\",\"@id\":\"https:\\\/\\\/www.alliedmobility.com\\\/fr\\\/rentree-scolaire-handicap-2026-mobilite\\\/#article\",\"isPartOf\":{\"@id\":\"https:\\\/\\\/www.alliedmobility.com\\\/fr\\\/rentree-scolaire-handicap-2026-mobilite\\\/\"},\"author\":{\"name\":\"Laura\",\"@id\":\"https:\\\/\\\/www.alliedmobility.com\\\/fr\\\/#\\\/schema\\\/person\\\/d16a5868b9a712c63a9a05435218f270\"},\"headline\":\"Rentr\u00e9e scolaire handicap 2026 : une mobilit\u00e9 sereine, port\u00e9e par la Semaine Europ\u00e9enne de la Mobilit\u00e9\",\"datePublished\":\"2026-09-01T08:15:50+00:00\",\"mainEntityOfPage\":{\"@id\":\"https:\\\/\\\/www.alliedmobility.com\\\/fr\\\/rentree-scolaire-handicap-2026-mobilite\\\/\"},\"wordCount\":1158,\"publisher\":{\"@id\":\"https:\\\/\\\/www.alliedmobility.com\\\/fr\\\/#organization\"},\"image\":{\"@id\":\"https:\\\/\\\/www.alliedmobility.com\\\/fr\\\/rentree-scolaire-handicap-2026-mobilite\\\/#primaryimage\"},\"thumbnailUrl\":\"https:\\\/\\\/www.alliedmobility.com\\\/fr\\\/media\\\/Rentree-scolaire-handicap.jpg\",\"articleSection\":[\"Nouvelles\"],\"inLanguage\":\"fr-FR\"},\"1\":{\"@type\":\"WebPage\",\"@id\":\"https:\\\/\\\/www.alliedmobility.com\\\/fr\\\/rentree-scolaire-handicap-2026-mobilite\\\/\",\"url\":\"https:\\\/\\\/www.alliedmobility.com\\\/fr\\\/rentree-scolaire-handicap-2026-mobilite\\\/\",\"name\":\"Rentr\u00e9e scolaire handicap 2026 : une mobilit\u00e9 sereine\",\"isPartOf\":{\"@id\":\"https:\\\/\\\/www.alliedmobility.com\\\/fr\\\/#website\"},\"primaryImageOfPage\":{\"@id\":\"https:\\\/\\\/www.alliedmobility.com\\\/fr\\\/rentree-scolaire-handicap-2026-mobilite\\\/#primaryimage\"},\"image\":{\"@id\":\"https:\\\/\\\/www.alliedmobility.com\\\/fr\\\/rentree-scolaire-handicap-2026-mobilite\\\/#primaryimage\"},\"thumbnailUrl\":\"https:\\\/\\\/www.alliedmobility.com\\\/fr\\\/media\\\/Rentree-scolaire-handicap.jpg\",\"datePublished\":\"2026-09-01T08:15:50+00:00\",\"description\":\"Rentr\u00e9e scolaire handicap 2026 : aides, transport scolaire adapt\u00e9 et solutions de mobilit\u00e9, en \u00e9cho \u00e0 la Semaine Europ\u00e9enne de la Mobilit\u00e9.\",\"breadcrumb\":{\"@id\":\"https:\\\/\\\/www.alliedmobility.com\\\/fr\\\/rentree-scolaire-handicap-2026-mobilite\\\/#breadcrumb\"},\"inLanguage\":\"fr-FR\",\"potentialAction\":[{\"@type\":\"ReadAction\",\"target\":[\"https:\\\/\\\/www.alliedmobility.com\\\/fr\\\/rentree-scolaire-handicap-2026-mobilite\\\/\"]}]},\"2\":{\"@type\":\"ImageObject\",\"inLanguage\":\"fr-FR\",\"@id\":\"https:\\\/\\\/www.alliedmobility.com\\\/fr\\\/rentree-scolaire-handicap-2026-mobilite\\\/#primaryimage\",\"url\":\"https:\\\/\\\/www.alliedmobility.com\\\/fr\\\/media\\\/Rentree-scolaire-handicap.jpg\",\"contentUrl\":\"https:\\\/\\\/www.alliedmobility.com\\\/fr\\\/media\\\/Rentree-scolaire-handicap.jpg\",\"width\":350,\"height\":300,\"caption\":\"Quatre jeunes, dont l\u2019un se d\u00e9place en fauteuil roulant, sont \u00e0 l\u2019int\u00e9rieur, en train de discuter et de sourire ensemble. Le cahier que tient l\u2019un d\u2019entre eux laisse penser qu\u2019ils se pr\u00e9parent pour la rentr\u00e9e scolaire. Cette ambiance d\u00e9contract\u00e9e et conviviale met en avant l\u2019inclusion et le soutien apport\u00e9s aux personnes en situation de handicap. Sauf indication contraire, tous les v\u00e9hicules visibles dans la sc\u00e8ne sont suppos\u00e9s \u00eatre adapt\u00e9s aux fauteuils roulants.\"},\"3\":{\"@type\":\"BreadcrumbList\",\"@id\":\"https:\\\/\\\/www.alliedmobility.com\\\/fr\\\/rentree-scolaire-handicap-2026-mobilite\\\/#breadcrumb\",\"itemListElement\":[{\"@type\":\"ListItem\",\"position\":1,\"name\":\"Accueil\",\"item\":\"https:\\\/\\\/www.alliedmobility.com\\\/fr\\\/\"},{\"@type\":\"ListItem\",\"position\":2,\"name\":\"Rentr\u00e9e scolaire handicap 2026 : une mobilit\u00e9 sereine, port\u00e9e par la Semaine Europ\u00e9enne de la Mobilit\u00e9\"}],\"inLanguage\":\"fr-FR\"},\"4\":{\"@type\":\"WebSite\",\"@id\":\"https:\\\/\\\/www.alliedmobility.com\\\/fr\\\/#website\",\"url\":\"https:\\\/\\\/www.alliedmobility.com\\\/fr\\\/\",\"name\":\"Allied Mobility France\",\"description\":\"\",\"publisher\":{\"@id\":\"https:\\\/\\\/www.alliedmobility.com\\\/fr\\\/#organization\"},\"potentialAction\":[{\"@type\":\"SearchAction\",\"target\":{\"@type\":\"EntryPoint\",\"urlTemplate\":\"https:\\\/\\\/www.alliedmobility.com\\\/fr\\\/?s={search_term_string}\"},\"query-input\":{\"@type\":\"PropertyValueSpecification\",\"valueRequired\":true,\"valueName\":\"search_term_string\"}}],\"inLanguage\":\"fr-FR\"},\"6\":{\"@type\":\"Person\",\"@id\":\"https:\\\/\\\/www.alliedmobility.com\\\/fr\\\/#\\\/schema\\\/person\\\/d16a5868b9a712c63a9a05435218f270\",\"name\":\"Laura\",\"image\":{\"@type\":\"ImageObject\",\"inLanguage\":\"en-GB\",\"@id\":\"https:\\\/\\\/secure.gravatar.com\\\/avatar\\\/80ab39c7eeba6d38815227bf1c99f32707e3579d2175172d964983747cd59074?s=96&d=mm&r=g\",\"url\":\"https:\\\/\\\/secure.gravatar.com\\\/avatar\\\/80ab39c7eeba6d38815227bf1c99f32707e3579d2175172d964983747cd59074?s=96&d=mm&r=g\",\"contentUrl\":\"https:\\\/\\\/secure.gravatar.com\\\/avatar\\\/80ab39c7eeba6d38815227bf1c99f32707e3579d2175172d964983747cd59074?s=96&d=mm&r=g\",\"caption\":\"Laura\"},\"inLanguage\":\"fr-FR\"}}}<\/script>\n<!-- \/ Yoast SEO plugin. -->","yoast_head_json":{"title":"Rentr\u00e9e scolaire handicap 2026 : une mobilit\u00e9 sereine","description":"Rentr\u00e9e scolaire handicap 2026 : aides, transport scolaire adapt\u00e9 et solutions de mobilit\u00e9, en \u00e9cho \u00e0 la Semaine Europ\u00e9enne de la Mobilit\u00e9.","robots":{"index":"index","follow":"follow","max-snippet":"max-snippet:-1","max-image-preview":"max-image-preview:large","max-video-preview":"max-video-preview:-1"},"canonical":"https:\/\/www.alliedmobility.com\/fr\/rentree-scolaire-handicap-2026-mobilite\/","og_locale":"fr-FR","og_type":"article","og_title":"Rentr\u00e9e scolaire handicap 2026 : une mobilit\u00e9 sereine","og_description":"Rentr\u00e9e scolaire handicap 2026 : aides, transport scolaire adapt\u00e9 et solutions de mobilit\u00e9, en \u00e9cho \u00e0 la Semaine Europ\u00e9enne de la Mobilit\u00e9.","og_url":"https:\/\/www.alliedmobility.com\/fr\/rentree-scolaire-handicap-2026-mobilite\/","og_site_name":"Allied Mobility France","article_published_time":"2026-09-01T08:15:50+00:00","og_image":[{"width":350,"height":300,"url":"https:\/\/www.alliedmobility.com\/fr\/media\/Rentree-scolaire-handicap.jpg","type":"image\/jpeg"}],"author":"Laura","twitter_card":"summary_large_image","twitter_misc":{"Written by":"Laura","Estimated reading time":"5 minutes"},"schema":{"@context":"https:\/\/schema.org","@graph":{"0":{"@type":"Article","@id":"https:\/\/www.alliedmobility.com\/fr\/rentree-scolaire-handicap-2026-mobilite\/#article","isPartOf":{"@id":"https:\/\/www.alliedmobility.com\/fr\/rentree-scolaire-handicap-2026-mobilite\/"},"author":{"name":"Laura","@id":"https:\/\/www.alliedmobility.com\/fr\/#\/schema\/person\/d16a5868b9a712c63a9a05435218f270"},"headline":"Rentr\u00e9e scolaire handicap 2026 : une mobilit\u00e9 sereine, port\u00e9e par la Semaine Europ\u00e9enne de la Mobilit\u00e9","datePublished":"2026-09-01T08:15:50+00:00","mainEntityOfPage":{"@id":"https:\/\/www.alliedmobility.com\/fr\/rentree-scolaire-handicap-2026-mobilite\/"},"wordCount":1158,"publisher":{"@id":"https:\/\/www.alliedmobility.com\/fr\/#organization"},"image":{"@id":"https:\/\/www.alliedmobility.com\/fr\/rentree-scolaire-handicap-2026-mobilite\/#primaryimage"},"thumbnailUrl":"https:\/\/www.alliedmobility.com\/fr\/media\/Rentree-scolaire-handicap.jpg","articleSection":["Nouvelles"],"inLanguage":"fr-FR"},"1":{"@type":"WebPage","@id":"https:\/\/www.alliedmobility.com\/fr\/rentree-scolaire-handicap-2026-mobilite\/","url":"https:\/\/www.alliedmobility.com\/fr\/rentree-scolaire-handicap-2026-mobilite\/","name":"Rentr\u00e9e scolaire handicap 2026 : une mobilit\u00e9 sereine","isPartOf":{"@id":"https:\/\/www.alliedmobility.com\/fr\/#website"},"primaryImageOfPage":{"@id":"https:\/\/www.alliedmobility.com\/fr\/rentree-scolaire-handicap-2026-mobilite\/#primaryimage"},"image":{"@id":"https:\/\/www.alliedmobility.com\/fr\/rentree-scolaire-handicap-2026-mobilite\/#primaryimage"},"thumbnailUrl":"https:\/\/www.alliedmobility.com\/fr\/media\/Rentree-scolaire-handicap.jpg","datePublished":"2026-09-01T08:15:50+00:00","description":"Rentr\u00e9e scolaire handicap 2026 : aides, transport scolaire adapt\u00e9 et solutions de mobilit\u00e9, en \u00e9cho \u00e0 la Semaine Europ\u00e9enne de la Mobilit\u00e9.","breadcrumb":{"@id":"https:\/\/www.alliedmobility.com\/fr\/rentree-scolaire-handicap-2026-mobilite\/#breadcrumb"},"inLanguage":"fr-FR","potentialAction":[{"@type":"ReadAction","target":["https:\/\/www.alliedmobility.com\/fr\/rentree-scolaire-handicap-2026-mobilite\/"]}]},"2":{"@type":"ImageObject","inLanguage":"fr-FR","@id":"https:\/\/www.alliedmobility.com\/fr\/rentree-scolaire-handicap-2026-mobilite\/#primaryimage","url":"https:\/\/www.alliedmobility.com\/fr\/media\/Rentree-scolaire-handicap.jpg","contentUrl":"https:\/\/www.alliedmobility.com\/fr\/media\/Rentree-scolaire-handicap.jpg","width":350,"height":300,"caption":"Quatre jeunes, dont l\u2019un se d\u00e9place en fauteuil roulant, sont \u00e0 l\u2019int\u00e9rieur, en train de discuter et de sourire ensemble. Le cahier que tient l\u2019un d\u2019entre eux laisse penser qu\u2019ils se pr\u00e9parent pour la rentr\u00e9e scolaire. Cette ambiance d\u00e9contract\u00e9e et conviviale met en avant l\u2019inclusion et le soutien apport\u00e9s aux personnes en situation de handicap. Sauf indication contraire, tous les v\u00e9hicules visibles dans la sc\u00e8ne sont suppos\u00e9s \u00eatre adapt\u00e9s aux fauteuils roulants."},"3":{"@type":"BreadcrumbList","@id":"https:\/\/www.alliedmobility.com\/fr\/rentree-scolaire-handicap-2026-mobilite\/#breadcrumb","itemListElement":[{"@type":"ListItem","position":1,"name":"Accueil","item":"https:\/\/www.alliedmobility.com\/fr\/"},{"@type":"ListItem","position":2,"name":"Rentr\u00e9e scolaire handicap 2026 : une mobilit\u00e9 sereine, port\u00e9e par la Semaine Europ\u00e9enne de la Mobilit\u00e9"}],"inLanguage":"fr-FR"},"4":{"@type":"WebSite","@id":"https:\/\/www.alliedmobility.com\/fr\/#website","url":"https:\/\/www.alliedmobility.com\/fr\/","name":"Allied Mobility France","description":"","publisher":{"@id":"https:\/\/www.alliedmobility.com\/fr\/#organization"},"potentialAction":[{"@type":"SearchAction","target":{"@type":"EntryPoint","urlTemplate":"https:\/\/www.alliedmobility.com\/fr\/?s={search_term_string}"},"query-input":{"@type":"PropertyValueSpecification","valueRequired":true,"valueName":"search_term_string"}}],"inLanguage":"fr-FR"},"6":{"@type":"Person","@id":"https:\/\/www.alliedmobility.com\/fr\/#\/schema\/person\/d16a5868b9a712c63a9a05435218f270","name":"Laura","image":{"@type":"ImageObject","inLanguage":"en-GB","@id":"https:\/\/secure.gravatar.com\/avatar\/80ab39c7eeba6d38815227bf1c99f32707e3579d2175172d964983747cd59074?s=96&d=mm&r=g","url":"https:\/\/secure.gravatar.com\/avatar\/80ab39c7eeba6d38815227bf1c99f32707e3579d2175172d964983747cd59074?s=96&d=mm&r=g","contentUrl":"https:\/\/secure.gravatar.com\/avatar\/80ab39c7eeba6d38815227bf1c99f32707e3579d2175172d964983747cd59074?s=96&d=mm&r=g","caption":"Laura"},"inLanguage":"fr-FR"}}}},"_links":{"self":[{"href":"https:\/\/www.alliedmobility.com\/fr\/wp-json\/wp\/v2\/posts\/20914","targetHints":{"allow":["GET"]}}],"collection":[{"href":"https:\/\/www.alliedmobility.com\/fr\/wp-json\/wp\/v2\/posts"}],"about":[{"href":"https:\/\/www.alliedmobility.com\/fr\/wp-json\/wp\/v2\/types\/post"}],"author":[{"embeddable":true,"href":"https:\/\/www.alliedmobility.com\/fr\/wp-json\/wp\/v2\/users\/22"}],"replies":[{"embeddable":true,"href":"https:\/\/www.alliedmobility.com\/fr\/wp-json\/wp\/v2\/comments?post=20914"}],"version-history":[{"count":4,"href":"https:\/\/www.alliedmobility.com\/fr\/wp-json\/wp\/v2\/posts\/20914\/revisions"}],"predecessor-version":[{"id":20921,"href":"https:\/\/www.alliedmobility.com\/fr\/wp-json\/wp\/v2\/posts\/20914\/revisions\/20921"}],"wp:featuredmedia":[{"embeddable":true,"href":"https:\/\/www.alliedmobility.com\/fr\/wp-json\/wp\/v2\/media\/20919"}],"wp:attachment":[{"href":"https:\/\/www.alliedmobility.com\/fr\/wp-json\/wp\/v2\/media?parent=20914"}],"wp:term":[{"taxonomy":"category","embeddable":true,"href":"https:\/\/www.alliedmobility.com\/fr\/wp-json\/wp\/v2\/categories?post=20914"},{"taxonomy":"post_tag","embeddable":true,"href":"https:\/\/www.alliedmobility.com\/fr\/wp-json\/wp\/v2\/tags?post=20914"}],"curies":[{"name":"wp","href":"https:\/\/api.w.org\/{rel}","templated":true}]}}