{"id":2914,"date":"2024-08-27T10:46:42","date_gmt":"2024-08-27T10:46:42","guid":{"rendered":"https:\/\/www.alliedmobility.com\/fr\/?p=2914"},"modified":"2024-09-02T10:50:01","modified_gmt":"2024-09-02T10:50:01","slug":"le-ford-independence-aux-jeux-paralympiques-de-paris-2024","status":"publish","type":"post","link":"https:\/\/www.alliedmobility.com\/fr\/le-ford-independence-aux-jeux-paralympiques-de-paris-2024\/","title":{"rendered":"Le Ford Independence aux Jeux Paralympiques de Paris 2024"},"content":{"rendered":"","protected":false},"excerpt":{"rendered":"","protected":false},"author":22,"featured_media":2919,"comment_status":"closed","ping_status":"closed","sticky":false,"template":"","format":"standard","meta":{"_acf_changed":false,"inline_featured_image":false,"footnotes":""},"categories":[1],"tags":[],"class_list":["post-2914","post","type-post","status-publish","format-standard","has-post-thumbnail","hentry","category-nouvelles"],"acf":[],"yoast_head":"<!-- This site is optimized with the Yoast SEO plugin v28.4 - https:\/\/yoast.com\/product\/yoast-seo-wordpress\/ -->\n<title>V\u00e9hicules accessibles en fauteuil roulant \u00e0 Paris<\/title>\n<meta name=\"description\" content=\"Allied Mobility soutient les Jeux paralympiques et a envoy\u00e9 certains de ses v\u00e9hicules Ford Independence\u2122 accessibles aux fauteuils roulants \u00e0 Paris.\" \/>\n<meta name=\"robots\" content=\"index, follow, max-snippet:-1, max-image-preview:large, max-video-preview:-1\" \/>\n<link rel=\"canonical\" href=\"https:\/\/www.alliedmobility.com\/fr\/le-ford-independence-aux-jeux-paralympiques-de-paris-2024\/\" \/>\n<meta property=\"og:locale\" content=\"fr-FR\" \/>\n<meta property=\"og:type\" content=\"article\" \/>\n<meta property=\"og:title\" content=\"V\u00e9hicules accessibles en fauteuil roulant \u00e0 Paris\" \/>\n<meta property=\"og:description\" content=\"Allied Mobility soutient les Jeux paralympiques et a envoy\u00e9 certains de ses v\u00e9hicules Ford Independence\u2122 accessibles aux fauteuils roulants \u00e0 Paris.\" \/>\n<meta property=\"og:url\" content=\"https:\/\/www.alliedmobility.com\/fr\/le-ford-independence-aux-jeux-paralympiques-de-paris-2024\/\" \/>\n<meta property=\"og:site_name\" content=\"Allied Mobility France\" \/>\n<meta property=\"article:published_time\" content=\"2024-08-27T10:46:42+00:00\" \/>\n<meta property=\"article:modified_time\" content=\"2024-09-02T10:50:01+00:00\" \/>\n<meta property=\"og:image\" content=\"https:\/\/www.alliedmobility.com\/fr\/media\/Le-Ford-Independence-blog.jpg\" \/>\n\t<meta property=\"og:image:width\" content=\"350\" \/>\n\t<meta property=\"og:image:height\" content=\"300\" \/>\n\t<meta property=\"og:image:type\" content=\"image\/jpeg\" \/>\n<meta name=\"author\" content=\"Laura\" \/>\n<meta name=\"twitter:card\" content=\"summary_large_image\" \/>\n<meta name=\"twitter:label1\" content=\"Written by\" \/>\n\t<meta name=\"twitter:data1\" content=\"Laura\" \/>\n\t<meta name=\"twitter:label2\" content=\"Estimated reading time\" \/>\n\t<meta name=\"twitter:data2\" content=\"4 minutes\" \/>\n<script type=\"application\/ld+json\" class=\"yoast-schema-graph\">{\"@context\":\"https:\\\/\\\/schema.org\",\"@graph\":{\"0\":{\"@type\":\"Article\",\"@id\":\"https:\\\/\\\/www.alliedmobility.com\\\/fr\\\/le-ford-independence-aux-jeux-paralympiques-de-paris-2024\\\/#article\",\"isPartOf\":{\"@id\":\"https:\\\/\\\/www.alliedmobility.com\\\/fr\\\/le-ford-independence-aux-jeux-paralympiques-de-paris-2024\\\/\"},\"author\":{\"name\":\"Laura\",\"@id\":\"https:\\\/\\\/www.alliedmobility.com\\\/fr\\\/#\\\/schema\\\/person\\\/d16a5868b9a712c63a9a05435218f270\"},\"headline\":\"Le Ford Independence aux Jeux Paralympiques de Paris 2024\",\"datePublished\":\"2024-08-27T10:46:42+00:00\",\"dateModified\":\"2024-09-02T10:50:01+00:00\",\"mainEntityOfPage\":{\"@id\":\"https:\\\/\\\/www.alliedmobility.com\\\/fr\\\/le-ford-independence-aux-jeux-paralympiques-de-paris-2024\\\/\"},\"wordCount\":8,\"publisher\":{\"@id\":\"https:\\\/\\\/www.alliedmobility.com\\\/fr\\\/#organization\"},\"image\":{\"@id\":\"https:\\\/\\\/www.alliedmobility.com\\\/fr\\\/le-ford-independence-aux-jeux-paralympiques-de-paris-2024\\\/#primaryimage\"},\"thumbnailUrl\":\"https:\\\/\\\/www.alliedmobility.com\\\/fr\\\/media\\\/Le-Ford-Independence-blog.jpg\",\"articleSection\":[\"Nouvelles\"],\"inLanguage\":\"fr-FR\"},\"1\":{\"@type\":\"WebPage\",\"@id\":\"https:\\\/\\\/www.alliedmobility.com\\\/fr\\\/le-ford-independence-aux-jeux-paralympiques-de-paris-2024\\\/\",\"url\":\"https:\\\/\\\/www.alliedmobility.com\\\/fr\\\/le-ford-independence-aux-jeux-paralympiques-de-paris-2024\\\/\",\"name\":\"V\u00e9hicules accessibles en fauteuil roulant \u00e0 Paris\",\"isPartOf\":{\"@id\":\"https:\\\/\\\/www.alliedmobility.com\\\/fr\\\/#website\"},\"primaryImageOfPage\":{\"@id\":\"https:\\\/\\\/www.alliedmobility.com\\\/fr\\\/le-ford-independence-aux-jeux-paralympiques-de-paris-2024\\\/#primaryimage\"},\"image\":{\"@id\":\"https:\\\/\\\/www.alliedmobility.com\\\/fr\\\/le-ford-independence-aux-jeux-paralympiques-de-paris-2024\\\/#primaryimage\"},\"thumbnailUrl\":\"https:\\\/\\\/www.alliedmobility.com\\\/fr\\\/media\\\/Le-Ford-Independence-blog.jpg\",\"datePublished\":\"2024-08-27T10:46:42+00:00\",\"dateModified\":\"2024-09-02T10:50:01+00:00\",\"description\":\"Allied Mobility soutient les Jeux paralympiques et a envoy\u00e9 certains de ses v\u00e9hicules Ford Independence\u2122 accessibles aux fauteuils roulants \u00e0 Paris.\",\"breadcrumb\":{\"@id\":\"https:\\\/\\\/www.alliedmobility.com\\\/fr\\\/le-ford-independence-aux-jeux-paralympiques-de-paris-2024\\\/#breadcrumb\"},\"inLanguage\":\"fr-FR\",\"potentialAction\":[{\"@type\":\"ReadAction\",\"target\":[\"https:\\\/\\\/www.alliedmobility.com\\\/fr\\\/le-ford-independence-aux-jeux-paralympiques-de-paris-2024\\\/\"]}]},\"2\":{\"@type\":\"ImageObject\",\"inLanguage\":\"fr-FR\",\"@id\":\"https:\\\/\\\/www.alliedmobility.com\\\/fr\\\/le-ford-independence-aux-jeux-paralympiques-de-paris-2024\\\/#primaryimage\",\"url\":\"https:\\\/\\\/www.alliedmobility.com\\\/fr\\\/media\\\/Le-Ford-Independence-blog.jpg\",\"contentUrl\":\"https:\\\/\\\/www.alliedmobility.com\\\/fr\\\/media\\\/Le-Ford-Independence-blog.jpg\",\"width\":350,\"height\":300,\"caption\":\"Deux hommes aident une personne en fauteuil roulant \u00e0 emprunter une rampe pour monter dans un monospace sp\u00e9cialement con\u00e7u pour \u00eatre l'un des \u00ab v\u00e9hicules accessibles en fauteuil roulant \u00bb. Un autre monospace portant le logo d'Allied Mobility est gar\u00e9 \u00e0 proximit\u00e9. La sc\u00e8ne se d\u00e9roule en ext\u00e9rieur, pr\u00e8s d'un b\u00e2timent.\"},\"3\":{\"@type\":\"BreadcrumbList\",\"@id\":\"https:\\\/\\\/www.alliedmobility.com\\\/fr\\\/le-ford-independence-aux-jeux-paralympiques-de-paris-2024\\\/#breadcrumb\",\"itemListElement\":[{\"@type\":\"ListItem\",\"position\":1,\"name\":\"Accueil\",\"item\":\"https:\\\/\\\/www.alliedmobility.com\\\/fr\\\/\"},{\"@type\":\"ListItem\",\"position\":2,\"name\":\"Le Ford Independence aux Jeux Paralympiques de Paris 2024\"}],\"inLanguage\":\"fr-FR\"},\"4\":{\"@type\":\"WebSite\",\"@id\":\"https:\\\/\\\/www.alliedmobility.com\\\/fr\\\/#website\",\"url\":\"https:\\\/\\\/www.alliedmobility.com\\\/fr\\\/\",\"name\":\"Allied Mobility France\",\"description\":\"\",\"publisher\":{\"@id\":\"https:\\\/\\\/www.alliedmobility.com\\\/fr\\\/#organization\"},\"potentialAction\":[{\"@type\":\"SearchAction\",\"target\":{\"@type\":\"EntryPoint\",\"urlTemplate\":\"https:\\\/\\\/www.alliedmobility.com\\\/fr\\\/?s={search_term_string}\"},\"query-input\":{\"@type\":\"PropertyValueSpecification\",\"valueRequired\":true,\"valueName\":\"search_term_string\"}}],\"inLanguage\":\"fr-FR\"},\"6\":{\"@type\":\"Person\",\"@id\":\"https:\\\/\\\/www.alliedmobility.com\\\/fr\\\/#\\\/schema\\\/person\\\/d16a5868b9a712c63a9a05435218f270\",\"name\":\"Laura\",\"image\":{\"@type\":\"ImageObject\",\"inLanguage\":\"en-GB\",\"@id\":\"https:\\\/\\\/secure.gravatar.com\\\/avatar\\\/80ab39c7eeba6d38815227bf1c99f32707e3579d2175172d964983747cd59074?s=96&d=mm&r=g\",\"url\":\"https:\\\/\\\/secure.gravatar.com\\\/avatar\\\/80ab39c7eeba6d38815227bf1c99f32707e3579d2175172d964983747cd59074?s=96&d=mm&r=g\",\"contentUrl\":\"https:\\\/\\\/secure.gravatar.com\\\/avatar\\\/80ab39c7eeba6d38815227bf1c99f32707e3579d2175172d964983747cd59074?s=96&d=mm&r=g\",\"caption\":\"Laura\"},\"inLanguage\":\"fr-FR\"}}}<\/script>\n<!-- \/ Yoast SEO plugin. -->","yoast_head_json":{"title":"V\u00e9hicules accessibles en fauteuil roulant \u00e0 Paris","description":"Allied Mobility soutient les Jeux paralympiques et a envoy\u00e9 certains de ses v\u00e9hicules Ford Independence\u2122 accessibles aux fauteuils roulants \u00e0 Paris.","robots":{"index":"index","follow":"follow","max-snippet":"max-snippet:-1","max-image-preview":"max-image-preview:large","max-video-preview":"max-video-preview:-1"},"canonical":"https:\/\/www.alliedmobility.com\/fr\/le-ford-independence-aux-jeux-paralympiques-de-paris-2024\/","og_locale":"fr-FR","og_type":"article","og_title":"V\u00e9hicules accessibles en fauteuil roulant \u00e0 Paris","og_description":"Allied Mobility soutient les Jeux paralympiques et a envoy\u00e9 certains de ses v\u00e9hicules Ford Independence\u2122 accessibles aux fauteuils roulants \u00e0 Paris.","og_url":"https:\/\/www.alliedmobility.com\/fr\/le-ford-independence-aux-jeux-paralympiques-de-paris-2024\/","og_site_name":"Allied Mobility France","article_published_time":"2024-08-27T10:46:42+00:00","article_modified_time":"2024-09-02T10:50:01+00:00","og_image":[{"width":350,"height":300,"url":"https:\/\/www.alliedmobility.com\/fr\/media\/Le-Ford-Independence-blog.jpg","type":"image\/jpeg"}],"author":"Laura","twitter_card":"summary_large_image","twitter_misc":{"Written by":"Laura","Estimated reading time":"4 minutes"},"schema":{"@context":"https:\/\/schema.org","@graph":{"0":{"@type":"Article","@id":"https:\/\/www.alliedmobility.com\/fr\/le-ford-independence-aux-jeux-paralympiques-de-paris-2024\/#article","isPartOf":{"@id":"https:\/\/www.alliedmobility.com\/fr\/le-ford-independence-aux-jeux-paralympiques-de-paris-2024\/"},"author":{"name":"Laura","@id":"https:\/\/www.alliedmobility.com\/fr\/#\/schema\/person\/d16a5868b9a712c63a9a05435218f270"},"headline":"Le Ford Independence aux Jeux Paralympiques de Paris 2024","datePublished":"2024-08-27T10:46:42+00:00","dateModified":"2024-09-02T10:50:01+00:00","mainEntityOfPage":{"@id":"https:\/\/www.alliedmobility.com\/fr\/le-ford-independence-aux-jeux-paralympiques-de-paris-2024\/"},"wordCount":8,"publisher":{"@id":"https:\/\/www.alliedmobility.com\/fr\/#organization"},"image":{"@id":"https:\/\/www.alliedmobility.com\/fr\/le-ford-independence-aux-jeux-paralympiques-de-paris-2024\/#primaryimage"},"thumbnailUrl":"https:\/\/www.alliedmobility.com\/fr\/media\/Le-Ford-Independence-blog.jpg","articleSection":["Nouvelles"],"inLanguage":"fr-FR"},"1":{"@type":"WebPage","@id":"https:\/\/www.alliedmobility.com\/fr\/le-ford-independence-aux-jeux-paralympiques-de-paris-2024\/","url":"https:\/\/www.alliedmobility.com\/fr\/le-ford-independence-aux-jeux-paralympiques-de-paris-2024\/","name":"V\u00e9hicules accessibles en fauteuil roulant \u00e0 Paris","isPartOf":{"@id":"https:\/\/www.alliedmobility.com\/fr\/#website"},"primaryImageOfPage":{"@id":"https:\/\/www.alliedmobility.com\/fr\/le-ford-independence-aux-jeux-paralympiques-de-paris-2024\/#primaryimage"},"image":{"@id":"https:\/\/www.alliedmobility.com\/fr\/le-ford-independence-aux-jeux-paralympiques-de-paris-2024\/#primaryimage"},"thumbnailUrl":"https:\/\/www.alliedmobility.com\/fr\/media\/Le-Ford-Independence-blog.jpg","datePublished":"2024-08-27T10:46:42+00:00","dateModified":"2024-09-02T10:50:01+00:00","description":"Allied Mobility soutient les Jeux paralympiques et a envoy\u00e9 certains de ses v\u00e9hicules Ford Independence\u2122 accessibles aux fauteuils roulants \u00e0 Paris.","breadcrumb":{"@id":"https:\/\/www.alliedmobility.com\/fr\/le-ford-independence-aux-jeux-paralympiques-de-paris-2024\/#breadcrumb"},"inLanguage":"fr-FR","potentialAction":[{"@type":"ReadAction","target":["https:\/\/www.alliedmobility.com\/fr\/le-ford-independence-aux-jeux-paralympiques-de-paris-2024\/"]}]},"2":{"@type":"ImageObject","inLanguage":"fr-FR","@id":"https:\/\/www.alliedmobility.com\/fr\/le-ford-independence-aux-jeux-paralympiques-de-paris-2024\/#primaryimage","url":"https:\/\/www.alliedmobility.com\/fr\/media\/Le-Ford-Independence-blog.jpg","contentUrl":"https:\/\/www.alliedmobility.com\/fr\/media\/Le-Ford-Independence-blog.jpg","width":350,"height":300,"caption":"Deux hommes aident une personne en fauteuil roulant \u00e0 emprunter une rampe pour monter dans un monospace sp\u00e9cialement con\u00e7u pour \u00eatre l'un des \u00ab v\u00e9hicules accessibles en fauteuil roulant \u00bb. Un autre monospace portant le logo d'Allied Mobility est gar\u00e9 \u00e0 proximit\u00e9. La sc\u00e8ne se d\u00e9roule en ext\u00e9rieur, pr\u00e8s d'un b\u00e2timent."},"3":{"@type":"BreadcrumbList","@id":"https:\/\/www.alliedmobility.com\/fr\/le-ford-independence-aux-jeux-paralympiques-de-paris-2024\/#breadcrumb","itemListElement":[{"@type":"ListItem","position":1,"name":"Accueil","item":"https:\/\/www.alliedmobility.com\/fr\/"},{"@type":"ListItem","position":2,"name":"Le Ford Independence aux Jeux Paralympiques de Paris 2024"}],"inLanguage":"fr-FR"},"4":{"@type":"WebSite","@id":"https:\/\/www.alliedmobility.com\/fr\/#website","url":"https:\/\/www.alliedmobility.com\/fr\/","name":"Allied Mobility France","description":"","publisher":{"@id":"https:\/\/www.alliedmobility.com\/fr\/#organization"},"potentialAction":[{"@type":"SearchAction","target":{"@type":"EntryPoint","urlTemplate":"https:\/\/www.alliedmobility.com\/fr\/?s={search_term_string}"},"query-input":{"@type":"PropertyValueSpecification","valueRequired":true,"valueName":"search_term_string"}}],"inLanguage":"fr-FR"},"6":{"@type":"Person","@id":"https:\/\/www.alliedmobility.com\/fr\/#\/schema\/person\/d16a5868b9a712c63a9a05435218f270","name":"Laura","image":{"@type":"ImageObject","inLanguage":"en-GB","@id":"https:\/\/secure.gravatar.com\/avatar\/80ab39c7eeba6d38815227bf1c99f32707e3579d2175172d964983747cd59074?s=96&d=mm&r=g","url":"https:\/\/secure.gravatar.com\/avatar\/80ab39c7eeba6d38815227bf1c99f32707e3579d2175172d964983747cd59074?s=96&d=mm&r=g","contentUrl":"https:\/\/secure.gravatar.com\/avatar\/80ab39c7eeba6d38815227bf1c99f32707e3579d2175172d964983747cd59074?s=96&d=mm&r=g","caption":"Laura"},"inLanguage":"fr-FR"}}}},"_links":{"self":[{"href":"https:\/\/www.alliedmobility.com\/fr\/wp-json\/wp\/v2\/posts\/2914","targetHints":{"allow":["GET"]}}],"collection":[{"href":"https:\/\/www.alliedmobility.com\/fr\/wp-json\/wp\/v2\/posts"}],"about":[{"href":"https:\/\/www.alliedmobility.com\/fr\/wp-json\/wp\/v2\/types\/post"}],"author":[{"embeddable":true,"href":"https:\/\/www.alliedmobility.com\/fr\/wp-json\/wp\/v2\/users\/22"}],"replies":[{"embeddable":true,"href":"https:\/\/www.alliedmobility.com\/fr\/wp-json\/wp\/v2\/comments?post=2914"}],"version-history":[{"count":6,"href":"https:\/\/www.alliedmobility.com\/fr\/wp-json\/wp\/v2\/posts\/2914\/revisions"}],"predecessor-version":[{"id":2924,"href":"https:\/\/www.alliedmobility.com\/fr\/wp-json\/wp\/v2\/posts\/2914\/revisions\/2924"}],"wp:featuredmedia":[{"embeddable":true,"href":"https:\/\/www.alliedmobility.com\/fr\/wp-json\/wp\/v2\/media\/2919"}],"wp:attachment":[{"href":"https:\/\/www.alliedmobility.com\/fr\/wp-json\/wp\/v2\/media?parent=2914"}],"wp:term":[{"taxonomy":"category","embeddable":true,"href":"https:\/\/www.alliedmobility.com\/fr\/wp-json\/wp\/v2\/categories?post=2914"},{"taxonomy":"post_tag","embeddable":true,"href":"https:\/\/www.alliedmobility.com\/fr\/wp-json\/wp\/v2\/tags?post=2914"}],"curies":[{"name":"wp","href":"https:\/\/api.w.org\/{rel}","templated":true}]}}